{"id":345588,"date":"2018-01-26T18:09:00","date_gmt":"2018-01-26T15:09:00","guid":{"rendered":"https:\/\/analyse.optim.biz\/?p=345588"},"modified":"2018-01-26T18:09:00","modified_gmt":"2018-01-26T15:09:00","slug":"codrin-stefanescu-despre-amenintarile-adresate-lui-dragnea-in-cex-ul-psd-am-spus-si-eu-ceva-a-spus-si-dragnea-ceva-video","status":"publish","type":"post","link":"https:\/\/analyse.optim.biz\/?p=345588","title":{"rendered":"Codrin \u0218tef\u0103nescu, despre amenin\u021b\u0103rile adresate lui Dragnea \u00een CEx-ul PSD: &#8220;Am spus \u0219i eu ceva, a spus \u0219i Dragnea ceva&#8221; (Video)"},"content":{"rendered":"<div class=\"description\" data-key=\"description\">Secretarul general adjunct al PSD, Codrin \u015etef\u0103nescu, a comentat informa\u021biile privind existen\u021ba unui conflict cu Liviu Dragnea \u00een CEx-ul PSD.<\/div>\n<div class=\"articleBody\" data-key=\"articleBody\">Secretarul general adjunct al PSD, Codrin \u015etef\u0103nescu, a comentat informa\u021biile privind existen\u021ba unui conflict cu Liviu Dragnea \u00een CEx-ul PSD.<\/p>\n<p>Potrivit dcnews.ro, scandalul \u00eentre cei doi lideri ar fi\u00a0pornit de la Valentin Popa, propunerea pentru ministerul Educa\u0163iei,\u00a0sus\u021binut\u0103 de liderul PSD Liviu Dragnea, \u00een timp ce Codrin \u0218tef\u0103nescu a sus\u021binut-o pe Ecaterina Andronescu.<\/p>\n<p>\u00cen timp ce critica\u00a0posibila numire a lui Valentin Popa,\u00a0Codrin \u0218tef\u0103nescu a fost \u00eentrerupt de Dragnea, care i-a spus: &#8220;Nu \u00eei faci un bine lui Cati (Ecaterina Andronescu) cu vorbele astea&#8221;.<\/p>\n<p>Dialogul ar fi continuat astfel:<\/p>\n<p>INFORMARESet\u0103rile tale privind cookie-urile nu permit afi\u0219area con\u021binutului din aceast\u0103 zon\u0103. E necesar s\u0103 accep\u021bi cookie-urile social media pentru afisarea acestui tip de con\u021binut. Modific\u0103 set\u0103rile<\/p>\n<p>\u00centrebat dac\u0103 a adresat aceste amenin\u021b\u0103ri, Codrin \u0218tef\u0103nescu a precizat, \u00een cadrul emisiunii &#8220;Punctul de \u00eent\u00e2lnire&#8221; de la Antena 3, c\u0103 &#8220;fiecare a spus ceva&#8221;.<\/p>\n<p>&#8221; Ecaterina Andronescu\u00a0este un\u00a0simbol, un coleg care a fost mai b\u0103rbat dec\u00e2t 100 de b\u0103rba\u021bi din partid, \u0219i atunci nu pot spune \u00een balan\u021b\u0103 pe cineva sus\u021binut \u00een plan local\u00a0cu Cati Andronescu. Dar majoritatea impune minorit\u0103\u021bii. A fost o discu\u021bie mai dur\u0103, dar nimic special. Nu este un cap\u0103t de \u021bar\u0103, sunt discu\u021bii care se poart\u0103 \u00een contradictoriu permanent. Noi care am sus\u021binut-o pe Cati, ne supunem majorit\u0103\u021bii. Nu \u00eemi aduc exact aminte dialogul, am fost sup\u0103rat c\u0103 m-a \u00eentrerupt, m-am enervat. \u00cen orice caz, niciodat\u0103, nu mergem cu amenin\u021b\u0103ri. La nervi oi fi spus \u0219i eu ceva, a spus \u0219i \u0219i Dragnea ceva\u201d, a precizat Codrin \u0218tef\u0103nescu.<\/p>\n<p>\tCine e Valentin Popa, ministrul propus pentru Educa\u0163ie \u00een locul lui Liviu Pop<\/p>\n<\/div>\n<p> Source URL: https:\/\/observatornews.ro\/politic\/codrin-stefanescu-liviu-dragnea-239600.html<\/p>\n","protected":false},"excerpt":{"rendered":"<p>Secretarul general adjunct al PSD, Codrin \u015etef\u0103nescu, a comentat informa\u021biile privind existen\u021ba unui conflict cu Liviu Dragnea \u00een CEx-ul PSD. Secretarul general adjunct al PSD, Codrin \u015etef\u0103nescu, a comentat informa\u021biile privind existen\u021ba unui conflict cu Liviu Dragnea \u00een CEx-ul PSD. Potrivit dcnews.ro, scandalul \u00eentre cei doi lideri ar fi\u00a0pornit de la Valentin Popa, propunerea pentru [&hellip;]<\/p>\n","protected":false},"author":1,"featured_media":345589,"comment_status":"open","ping_status":"","sticky":false,"template":"","format":"standard","meta":{"footnotes":""},"categories":[2],"tags":[30],"class_list":["post-345588","post","type-post","status-publish","format-standard","has-post-thumbnail","hentry","category-politics","tag-observatornews-ro"],"_links":{"self":[{"href":"https:\/\/analyse.optim.biz\/index.php?rest_route=\/wp\/v2\/posts\/345588","targetHints":{"allow":["GET"]}}],"collection":[{"href":"https:\/\/analyse.optim.biz\/index.php?rest_route=\/wp\/v2\/posts"}],"about":[{"href":"https:\/\/analyse.optim.biz\/index.php?rest_route=\/wp\/v2\/types\/post"}],"author":[{"embeddable":true,"href":"https:\/\/analyse.optim.biz\/index.php?rest_route=\/wp\/v2\/users\/1"}],"replies":[{"embeddable":true,"href":"https:\/\/analyse.optim.biz\/index.php?rest_route=%2Fwp%2Fv2%2Fcomments&post=345588"}],"version-history":[{"count":0,"href":"https:\/\/analyse.optim.biz\/index.php?rest_route=\/wp\/v2\/posts\/345588\/revisions"}],"wp:featuredmedia":[{"embeddable":true,"href":"https:\/\/analyse.optim.biz\/index.php?rest_route=\/wp\/v2\/media\/345589"}],"wp:attachment":[{"href":"https:\/\/analyse.optim.biz\/index.php?rest_route=%2Fwp%2Fv2%2Fmedia&parent=345588"}],"wp:term":[{"taxonomy":"category","embeddable":true,"href":"https:\/\/analyse.optim.biz\/index.php?rest_route=%2Fwp%2Fv2%2Fcategories&post=345588"},{"taxonomy":"post_tag","embeddable":true,"href":"https:\/\/analyse.optim.biz\/index.php?rest_route=%2Fwp%2Fv2%2Ftags&post=345588"}],"curies":[{"name":"wp","href":"https:\/\/api.w.org\/{rel}","templated":true}]}}