{"id":344256,"date":"2018-02-15T05:09:00","date_gmt":"2018-02-15T02:09:00","guid":{"rendered":"https:\/\/analyse.optim.biz\/?p=344256"},"modified":"2018-02-15T05:09:00","modified_gmt":"2018-02-15T02:09:00","slug":"primele-decizii-in-scandalul-dna-ministrul-tudorel-toader-intalnire-cruciala-cu-premierul-dancila-inaintea-sedintei-de-guvern","status":"publish","type":"post","link":"https:\/\/analyse.optim.biz\/?p=344256","title":{"rendered":"Primele decizii \u00een scandalul DNA. Ministrul Tudorel Toader, \u00eent\u00e2lnire crucial\u0103 cu premierul D\u0103ncil\u0103 \u00eenaintea \u015fedin\u0163ei de Guvern"},"content":{"rendered":"<div class=\"description\" data-key=\"description\">Ministrul Justi\u0163iei, care \u015fi-a \u00eentrerupt vizita \u00een Japonia, se \u00eent\u00e2lne\u015fte ast\u0103zi cu premierul, \u00eenaintea \u015fedin\u0163ei de Guvern.<\/div>\n<div class=\"articleBody\" data-key=\"articleBody\">Ministrul Justi\u0163iei, care \u015fi-a \u00eentrerupt vizita \u00een Japonia, se \u00eent\u00e2lne\u015fte ast\u0103zi cu premierul, \u00eenaintea \u015fedin\u0163ei de Guvern. Viorica D\u0103ncil\u0103 \u00eei cere s\u0103 aib\u0103 &#8220;o declara\u0163ie privind decizia&#8221; legat\u0103 de DNA.<\/p>\n<p>Premierul Viorica D\u0103ncil\u0103 ar urma s\u0103 aib\u0103 o discu\u0163ie, joi, \u00eenaintea \u015fedin\u0163ei de Guvern, cu ministrul Justi\u0163iei, Tudorel Toader, care \u015fi-a \u00eentrerupt vizita oficial\u0103 \u00een Japonia pentru a reveni \u00een \u0163ar\u0103, D\u0103ncil\u0103 spun\u00e2nd c\u0103 \u00eei va cere ministrului s\u0103 aib\u0103 &#8220;o declara\u0163ie \u00een ceea ce prive\u015fte decizia&#8221; legat\u0103 de Direc\u0163ia Na\u0163ional\u0103 Anticorup\u0163ie, \u00een urma acuza\u0163iilor aduse institu\u0163iei. Procurorul \u015fef al DNA, Laura Codru\u0163a Kovesi, a declarat, miercuri sear\u0103, c\u0103 nu are niciun motiv s\u0103 demisioneze pentru c\u0103 a respectat legea, iar \u00eentrebat\u0103 despre o posibil\u0103 decizie de revocare a sa, ea a r\u0103spuns c\u0103 &#8220;ministrul Justi\u0163iei \u015ftie ce criterii are \u00een vedere, dac\u0103 are \u00een calcul aceasta variant\u0103&#8221;.<\/p>\n<p>Premierul Viorica D\u0103ncil\u0103 a declarat, miercuri sear\u0103, c\u0103 va avea o discu\u0163ie privind DNA cu ministrul Justi\u0163iei, Tudorel Toader, joi, \u00eenaintea \u015fedin\u0163ei Guvernului, ea evit\u00e2nd s\u0103 se pronun\u0163e dac\u0103 va exista o decizie privind revocarea \u015fefei DNA, Laura Codru\u0163a Kovesi.\u00a0<\/p>\n<p>&#8220;Domnul ministru Toader m\u00e2ine va fi \u00een \u0163ar\u0103 \u015fi vom avea o discu\u0163ie \u00eenaintea \u015fedin\u0163ei de Guvern, domnul ministru va vorbi despre argumentele pe care le-a luat \u00een calcul (&#8230;) \u00cei voi solicita domnului Tudorel Toader s\u0103 aib\u0103 o declara\u0163ie \u00een ceea ce prive\u015fte decizia dumnealui dup\u0103 ce vom avea o discu\u0163ie DNA&#8221;, a declarat D\u0103ncil\u0103, care i-a cerut ministrului Justi\u0163iei s\u0103 \u00ee\u015fi \u00eentrerup\u0103 vizita \u00een Japonia \u015fi s\u0103 revin\u0103 \u00een \u0163ar\u0103.<\/p>\n<p>Viorica D\u0103ncil\u0103 a mai spus c\u0103 este \u00eengrijorat\u0103 atunci c\u00e2nd vede c\u0103 &#8220;pot fi fabricate probe \u00eempotriva unui prim-ministru&#8221;.<\/p>\n<p>&#8220;Nu cred pot eu s\u0103 spun dac\u0103 cineva poate sau nu mai poate conduce DNA. Pentru mine este important ca cet\u0103\u0163enii s\u0103 aib\u0103 \u00eencredere \u00een institu\u0163iile statului, s\u0103 aib\u0103 \u00eencredere \u00een justi\u0163ie. Trebuie s\u0103 le red\u0103m oamenilor credibilitatea \u00een justi\u0163ie. Eu sunt \u00eengrijorat\u0103, nu m\u0103 simt confortabil cand v\u0103d c\u0103 pot fi f\u0103cute probe pentru un prim-ministru&#8221;, a mai afirmat premierul.<\/p>\n<p>La r\u00e2ndul s\u0103u, liderul PSD Liviu Dragnea a spus, miercuri, c\u0103 se a\u015fteapt\u0103 ca ministrul Justi\u0163iei, Tudorel Toader, s\u0103 fac\u0103 &#8220;ce trebuie f\u0103cut\u201d \u00een ceea ce prive\u015fte posibila revocare din func\u0163ia de \u015fef DNA a Laurei Codru\u0163a Kovesi.<\/p>\n<p>&#8220;M\u0103 a\u015ftept s\u0103 fac\u0103 ceea ce crede c\u0103 trebuie f\u0103cut, condus de bunul sim\u0163 \u015fi de experien\u0163a pe care o are \u015fi de ceea ce se \u00eent\u00e2mpl\u0103 \u00een societate \u015fi \u00een justi\u0163ie\u201d, a declarat Liviu Dragnea la intrarea \u00een sediul PSD, \u00eentrebat dac\u0103 se a\u015fteapt\u0103 ca ministrul Justi\u0163iei s\u0103 cear\u0103 revocarea din func\u0163ie a Laurei Codru\u0163a Kovesi.<\/p>\n<p>Dragnea a spus c\u0103 Tudorel Toader este unul dintre cei mai \u00eendrept\u0103\u0163i\u0163i s\u0103 ia o decizie. &#8220;Cred c\u0103 este unul dintre cei mai \u00eendrept\u0103\u0163i\u0163i \u015fi mai forma\u0163i oameni din Rom\u00e2nia \u00een acest moment pentru a lua o decizie argumentat\u0103 \u00eentr-un fel sau altul\u201d, a mai spus liderul PSD.<\/p>\n<p>Ministrul Justi\u0163iei, Tudorel Toader, a declarat, luni, la Antena 3, referindu-se la acuza\u0163iile viz\u00e2nd DNA, c\u0103 nu sesizeaz\u0103 Inspec\u0163ia Judiciar\u0103 pentru c\u0103 ar \u00eensemna o \u00eent\u00e2rziere, spun\u00e2nd c\u0103 are ca variante s\u0103 prezinte oric\u00e2nd raportul privind DNA sau s\u0103 prezinte \u00een Parlament raportul privind Ministerul Public, conform legii. El a precizat c\u0103 raportul va con\u0163ine o m\u0103sur\u0103, f\u0103r\u0103 a spune care va fi aceasta.<\/p>\n<p>Procurorul \u015fef al DNA, Laura Codru\u0163a Kovesi, a sus\u0163inut, miercuri sear\u0103, o conferin\u0163\u0103 de pres\u0103 \u00een care a spus\u00a0c\u0103 nu are niciun motiv s\u0103 \u00ee\u015fi dea demisia, pentru c\u0103 a respectat legea \u00een tot ceea ce a f\u0103cut.<\/p>\n<p>Ea a afirmat c\u0103 \u00een acest scandal nu este vorba despre Kovesi, ci despre &#8220;asaltul asupra justi\u0163iei&#8221;.<\/p>\n<p>&#8220;Nu cred c\u0103 acest atac este \u00eent\u00e2mpl\u0103tor, asist\u0103m la un festival disperat al inculpa\u0163ilor, \u00een care inculpa\u0163ii spun p\u0103r\u0163i de adev\u0103r. Aici nu este vorba despre Kovesi\u00a0 sau despre procurorul \u015fef al DNA. DNA nu este un om, este o institu\u0163ie \u015fi cred \u00een acest lucru. Acest atac nu este despre Kovesi \u015fi despre procurorii care \u015fi-au f\u0103cut treaba, ci vizeaz\u0103 \u00eengenuncherea poporului rom\u00e2n \u015fi umilirea cet\u0103\u0163enilor&#8221;, a declarat Kovesi.<\/p>\n<p>\u00centrebat\u0103 de jurnali\u015fti dac\u0103 \u015ftie la ce raport a f\u0103cut referire Tudorel Toader, Kovesi a spus c\u0103 nu \u015ftie \u015fi c\u0103 nu a mai discutat cu ministrul Justi\u0163iei.<\/p>\n<p>&#8220;Nu \u015ftiu despre ce raport este vorba, nu am discutat cu ministrul Justi\u0163iei. Singura discu\u0163ie a fost \u00een fa\u0163a dumneavoastr\u0103, la CSM, c\u00e2nd s-a dezb\u0103tut raportul de control. De atunci nu am mai avut nicio discu\u0163ie cu ministrul, nu mi s-au cerut date, informa\u0163ii&#8221;, a declarat Kovesi.<\/p>\n<p>\u00centrebat\u0103 dac\u0103 Toader ar avea motive pentru revocarea sa, ea a spus: &#8220;Ministrul trebuie s\u0103 r\u0103spund\u0103&#8221;.\u00a0<\/p>\n<p>De asemenea, \u00eentrebat\u0103 dac\u0103 este preg\u0103tit\u0103 pentru orice decizie a ministrului Justi\u0163iei, Kovesi a r\u0103spuns: &#8220;Nu am avut nicio discu\u0163ie cu ministrul Tudorel Toader, nu mi-a cerut explica\u0163ii. Am avut o discutie cu procurorul general al Rom\u00e2niei, i-am spus c\u0103 urmeaz\u0103 s\u0103 \u0103i trimitem o informare. Sunt aici de patru ani, am un mandat pe care trebuie s\u0103 \u00eel duc la bun sf\u00e2r\u015fit. Ministrul Justi\u0163iei \u015ftie ce criterii are \u00een vedere, dac\u0103 are \u00een calcul aceasta variant\u0103&#8221;.<\/p>\n<p>Scandalul viz\u00e2nd DNA s-a declan\u015fat dup\u0103 ce Antena 3 a difuzat, duminic\u0103 sear\u0103, o \u00eenregistrare cu fostul deputat PSD Vlad Cosma, care sus\u0163ine c\u0103 procurorii Mircea Negulescu \u015fi Lucian Onea de la DNA Ploie\u015fti ar fi \u00eencercat s\u0103 fac\u0103 dosare \u00een baza unor &#8220;probe fabricate&#8221; pe numele unor politicieni \u015fi oameni de afaceri, \u00eentre care Sebastian Ghi\u0163\u0103. Vlad Cosma a sus\u0163inut, de asemenea, c\u0103 \u015feful DNA Ploie\u015fti, Lucian Onea, i-ar fi cerut s\u0103 modifice documente \u015fi probe care ar fi fost folosite ulterior \u00een dosar.<\/p>\n<p>Sursa: News.ro\n<\/p><\/div>\n<p> Source URL: https:\/\/observatornews.ro\/politic\/scandal-dna-masuri-toader-intalnire-premier-dancila-241750.html<\/p>\n","protected":false},"excerpt":{"rendered":"<p>Ministrul Justi\u0163iei, care \u015fi-a \u00eentrerupt vizita \u00een Japonia, se \u00eent\u00e2lne\u015fte ast\u0103zi cu premierul, \u00eenaintea \u015fedin\u0163ei de Guvern. Ministrul Justi\u0163iei, care \u015fi-a \u00eentrerupt vizita \u00een Japonia, se \u00eent\u00e2lne\u015fte ast\u0103zi cu premierul, \u00eenaintea \u015fedin\u0163ei de Guvern. Viorica D\u0103ncil\u0103 \u00eei cere s\u0103 aib\u0103 &#8220;o declara\u0163ie privind decizia&#8221; legat\u0103 de DNA. Premierul Viorica D\u0103ncil\u0103 ar urma s\u0103 aib\u0103 o [&hellip;]<\/p>\n","protected":false},"author":1,"featured_media":344257,"comment_status":"open","ping_status":"","sticky":false,"template":"","format":"standard","meta":{"footnotes":""},"categories":[2],"tags":[30],"class_list":["post-344256","post","type-post","status-publish","format-standard","has-post-thumbnail","hentry","category-politics","tag-observatornews-ro"],"_links":{"self":[{"href":"https:\/\/analyse.optim.biz\/index.php?rest_route=\/wp\/v2\/posts\/344256","targetHints":{"allow":["GET"]}}],"collection":[{"href":"https:\/\/analyse.optim.biz\/index.php?rest_route=\/wp\/v2\/posts"}],"about":[{"href":"https:\/\/analyse.optim.biz\/index.php?rest_route=\/wp\/v2\/types\/post"}],"author":[{"embeddable":true,"href":"https:\/\/analyse.optim.biz\/index.php?rest_route=\/wp\/v2\/users\/1"}],"replies":[{"embeddable":true,"href":"https:\/\/analyse.optim.biz\/index.php?rest_route=%2Fwp%2Fv2%2Fcomments&post=344256"}],"version-history":[{"count":0,"href":"https:\/\/analyse.optim.biz\/index.php?rest_route=\/wp\/v2\/posts\/344256\/revisions"}],"wp:featuredmedia":[{"embeddable":true,"href":"https:\/\/analyse.optim.biz\/index.php?rest_route=\/wp\/v2\/media\/344257"}],"wp:attachment":[{"href":"https:\/\/analyse.optim.biz\/index.php?rest_route=%2Fwp%2Fv2%2Fmedia&parent=344256"}],"wp:term":[{"taxonomy":"category","embeddable":true,"href":"https:\/\/analyse.optim.biz\/index.php?rest_route=%2Fwp%2Fv2%2Fcategories&post=344256"},{"taxonomy":"post_tag","embeddable":true,"href":"https:\/\/analyse.optim.biz\/index.php?rest_route=%2Fwp%2Fv2%2Ftags&post=344256"}],"curies":[{"name":"wp","href":"https:\/\/api.w.org\/{rel}","templated":true}]}}