{"id":344254,"date":"2018-02-15T05:47:45","date_gmt":"2018-02-15T02:47:45","guid":{"rendered":"https:\/\/analyse.optim.biz\/?p=344254"},"modified":"2018-02-15T05:47:45","modified_gmt":"2018-02-15T02:47:45","slug":"primele-masuri-luate-de-carmen-dan-dupa-scandalul-urias-de-la-dna","status":"publish","type":"post","link":"https:\/\/analyse.optim.biz\/?p=344254","title":{"rendered":"Primele m\u0103suri luate de Carmen Dan, dup\u0103 scandalul uria\u015f de la DNA"},"content":{"rendered":"<div class=\"description\" data-key=\"description\">Ministrul de Interne a cerut s\u0103 fie retra\u015fi poli\u0163i\u015ftii care lucrau cu procurorii de la Ploie\u015fti.<\/div>\n<div class=\"articleBody\" data-key=\"articleBody\">Ministrul de Interne a cerut s\u0103 fie retra\u015fi poli\u0163i\u015ftii care lucrau cu procurorii de la Ploie\u015fti. \u00cen timp ce procurorul-\u015fef Lucian Onea\u00a0este \u00eenc\u0103 \u00een func\u0163ie, CSM cere urgentarea investiga\u0163iilor, iar procurorul general al Rom\u00e2niei, care are \u00een m\u00e2n\u0103 ancheta cerut\u0103 de Vlad Cosma, vorbe\u015fte \u00een continuare despre atacuri \u00een justi\u0163ie.\n<\/div>\n<p> Source URL: https:\/\/observatornews.ro\/politic\/dupa-trei-zile-de-la-izbucnirea-scandalului-care-zguduie-directia-nationala-anticoruptie-primele-masuri-au-fost-luate-de-carmen-dan-241756.html<\/p>\n","protected":false},"excerpt":{"rendered":"<p>Ministrul de Interne a cerut s\u0103 fie retra\u015fi poli\u0163i\u015ftii care lucrau cu procurorii de la Ploie\u015fti. Ministrul de Interne a cerut s\u0103 fie retra\u015fi poli\u0163i\u015ftii care lucrau cu procurorii de la Ploie\u015fti. \u00cen timp ce procurorul-\u015fef Lucian Onea\u00a0este \u00eenc\u0103 \u00een func\u0163ie, CSM cere urgentarea investiga\u0163iilor, iar procurorul general al Rom\u00e2niei, care are \u00een m\u00e2n\u0103 ancheta [&hellip;]<\/p>\n","protected":false},"author":1,"featured_media":344255,"comment_status":"open","ping_status":"","sticky":false,"template":"","format":"standard","meta":{"footnotes":""},"categories":[2],"tags":[30],"class_list":["post-344254","post","type-post","status-publish","format-standard","has-post-thumbnail","hentry","category-politics","tag-observatornews-ro"],"_links":{"self":[{"href":"https:\/\/analyse.optim.biz\/index.php?rest_route=\/wp\/v2\/posts\/344254","targetHints":{"allow":["GET"]}}],"collection":[{"href":"https:\/\/analyse.optim.biz\/index.php?rest_route=\/wp\/v2\/posts"}],"about":[{"href":"https:\/\/analyse.optim.biz\/index.php?rest_route=\/wp\/v2\/types\/post"}],"author":[{"embeddable":true,"href":"https:\/\/analyse.optim.biz\/index.php?rest_route=\/wp\/v2\/users\/1"}],"replies":[{"embeddable":true,"href":"https:\/\/analyse.optim.biz\/index.php?rest_route=%2Fwp%2Fv2%2Fcomments&post=344254"}],"version-history":[{"count":0,"href":"https:\/\/analyse.optim.biz\/index.php?rest_route=\/wp\/v2\/posts\/344254\/revisions"}],"wp:featuredmedia":[{"embeddable":true,"href":"https:\/\/analyse.optim.biz\/index.php?rest_route=\/wp\/v2\/media\/344255"}],"wp:attachment":[{"href":"https:\/\/analyse.optim.biz\/index.php?rest_route=%2Fwp%2Fv2%2Fmedia&parent=344254"}],"wp:term":[{"taxonomy":"category","embeddable":true,"href":"https:\/\/analyse.optim.biz\/index.php?rest_route=%2Fwp%2Fv2%2Fcategories&post=344254"},{"taxonomy":"post_tag","embeddable":true,"href":"https:\/\/analyse.optim.biz\/index.php?rest_route=%2Fwp%2Fv2%2Ftags&post=344254"}],"curies":[{"name":"wp","href":"https:\/\/api.w.org\/{rel}","templated":true}]}}