{"id":344252,"date":"2018-02-15T09:40:00","date_gmt":"2018-02-15T06:40:00","guid":{"rendered":"https:\/\/analyse.optim.biz\/?p=344252"},"modified":"2018-02-15T09:40:00","modified_gmt":"2018-02-15T06:40:00","slug":"tariceanu-reactie-dura-dupa-declaratiile-sefei-dna-kovesi-nu-vede-barna-din-ochiul-ei-dar-cauta-defectele-in-ochii-altora","status":"publish","type":"post","link":"https:\/\/analyse.optim.biz\/?p=344252","title":{"rendered":"T\u0103riceanu, reac\u0163ie dur\u0103 dup\u0103 declara\u0163iile \u015fefei DNA: &#8216;Kovesi nu vede b\u00e2rna din ochiul ei, dar caut\u0103 defectele \u00een ochii altora&#8217;"},"content":{"rendered":"<div class=\"description\" data-key=\"description\">C\u0103lin Popescu T\u0103riceanu, a declarat, referitor la conferin\u0163a\u00a0procurorului-\u015fef al DNA, Laura Codru\u0163a Kovesi, c\u0103 aceasta \u201enu vede b\u00e2rna din ochiul ei\u201d.<\/div>\n<div class=\"articleBody\" data-key=\"articleBody\">C\u0103lin Popescu T\u0103riceanu, a declarat, referitor la conferin\u0163a\u00a0procurorului-\u015fef al DNA, Laura Codru\u0163a Kovesi, c\u0103 aceasta \u201enu vede b\u00e2rna din ochiul ei, dar caut\u0103 s\u0103 g\u0103seasc\u0103 defectele \u00een ochii altora\u201d. Pre\u015fedintele Senatului a afirmat c\u0103 nu este nevoie de o \u015fedin\u0163\u0103 a Coali\u0163iei pentru a decide ce se \u00eent\u00e2mpl\u0103 cu Kovesi, deoarece CSM \u015fi Inspec\u0163ia Judiciar\u0103 \u201ejoac\u0103 un rol determinant\u201d.<\/p>\n<p>\u201cAm v\u0103zut c\u00e2teva extrase \u00een pres\u0103 a discursului pe care l-a \u0163inut doamna Kovesi. Am impresia c\u0103 d\u00e2nsa nu vede b\u00e2rna din ochiul ei, al institu\u0163iei, dar caut\u0103 s\u0103 g\u0103seasc\u0103 defectele \u00een ochii altora. Cred c\u0103 institu\u0163ia, \u00een momentul de fa\u0163\u0103, nu este supus\u0103 niciunei presiuni. Este, a\u015f spune, interesul public firesc pe care to\u0163i cet\u0103\u0163enii \u00eel au cu privire la o func\u0163ionare corect\u0103 a Justi\u0163iei, a ceea ce se \u00eent\u00e2mpl\u0103 \u00een ultima perioad\u0103, dezv\u0103luirile ce se \u00eent\u00e2mpl\u0103 \u00een ultima perioad\u0103 \u00een cadrul institu\u0163iei denumit\u0103 DNA, pun serios sub semnul \u00eentreb\u0103rii func\u0163ionarea corect\u0103 \u00een respectul legii \u015fi \u00een respectul drepturilor \u015fi libert\u0103\u0163ilor cet\u0103\u0163enilor, adic\u0103 a drepturilor fundamentale, care sunt grav \u00eenc\u0103lcate. Sigur c\u0103 aici CSM \u015fi IJ au un rol determinant pentru a restabili \u00eencrederea rom\u00e2nilor \u00een Justi\u0163ie\u201d, a afirmat C\u0103lin Popescu T\u0103riceanu.<\/p>\n<p>\u00centrebat dac\u0103 ar fi necesar\u0103 o \u015fedin\u0163\u0103 a Coali\u0163iei de guvernare \u015fi o \u00eent\u00e2lnire cu premierul referitor la \u00eenregistr\u0103rile ap\u0103rute \u00een pres\u0103, T\u0103riceanu a replicat: \u201eParlamentul ca institu\u0163ie prive\u015fte cu foarte mare aten\u0163ie problemele care sunt legate de respectarea drepturilor fundamentale ale individului, dar problema gestion\u0103rii Justi\u0163iei nu este o problem\u0103 a Coali\u0163iei, este o problem\u0103 care \u0163ine de ministrul Justi\u0163iei \u015fi de CSM\u201d.<\/p>\n<p>Procurorul \u015fef al DNA, Laura Codru\u0163a Kovesi, a sus\u0163inut, miercuri sear\u0103, o conferin\u0163\u0103 de pres\u0103 \u00een care a spus c\u0103 nu are niciun motiv s\u0103 \u00ee\u015fi dea demisia, pentru c\u0103 a respectat legea \u00een tot ceea ce a f\u0103cut.<\/p>\n<p>Ea a afirmat c\u0103 \u00een acest scandal nu este vorba despre Kovesi, ci despre &#8220;asaltul asupra justi\u0163iei&#8221;.<\/p>\n<p>&#8220;Nu cred c\u0103 acest atac este \u00eent\u00e2mpl\u0103tor, asist\u0103m la un festival disperat al inculpa\u0163ilor, \u00een care inculpa\u0163ii spun p\u0103r\u0163i de adev\u0103r. Aici nu este vorba despre Kovesi\u00a0 sau despre procurorul \u015fef al DNA. DNA nu este un om, este o institu\u0163ie \u015fi cred \u00een acest lucru. Acest atac nu este despre Kovesi \u015fi despre procurorii care \u015fi-au f\u0103cut treaba, ci vizeaz\u0103 \u00eengenuncherea poporului rom\u00e2n \u015fi umilirea cet\u0103\u0163enilor&#8221;, a declarat Kovesi.<\/p>\n<p>Sursa: News.ro\n<\/p><\/div>\n<p> Source URL: https:\/\/observatornews.ro\/politic\/tariceanu-reactie-declaratii-kovesi-241788.html<\/p>\n","protected":false},"excerpt":{"rendered":"<p>C\u0103lin Popescu T\u0103riceanu, a declarat, referitor la conferin\u0163a\u00a0procurorului-\u015fef al DNA, Laura Codru\u0163a Kovesi, c\u0103 aceasta \u201enu vede b\u00e2rna din ochiul ei\u201d. C\u0103lin Popescu T\u0103riceanu, a declarat, referitor la conferin\u0163a\u00a0procurorului-\u015fef al DNA, Laura Codru\u0163a Kovesi, c\u0103 aceasta \u201enu vede b\u00e2rna din ochiul ei, dar caut\u0103 s\u0103 g\u0103seasc\u0103 defectele \u00een ochii altora\u201d. Pre\u015fedintele Senatului a afirmat c\u0103 [&hellip;]<\/p>\n","protected":false},"author":1,"featured_media":344253,"comment_status":"open","ping_status":"","sticky":false,"template":"","format":"standard","meta":{"footnotes":""},"categories":[2],"tags":[30],"class_list":["post-344252","post","type-post","status-publish","format-standard","has-post-thumbnail","hentry","category-politics","tag-observatornews-ro"],"_links":{"self":[{"href":"https:\/\/analyse.optim.biz\/index.php?rest_route=\/wp\/v2\/posts\/344252","targetHints":{"allow":["GET"]}}],"collection":[{"href":"https:\/\/analyse.optim.biz\/index.php?rest_route=\/wp\/v2\/posts"}],"about":[{"href":"https:\/\/analyse.optim.biz\/index.php?rest_route=\/wp\/v2\/types\/post"}],"author":[{"embeddable":true,"href":"https:\/\/analyse.optim.biz\/index.php?rest_route=\/wp\/v2\/users\/1"}],"replies":[{"embeddable":true,"href":"https:\/\/analyse.optim.biz\/index.php?rest_route=%2Fwp%2Fv2%2Fcomments&post=344252"}],"version-history":[{"count":0,"href":"https:\/\/analyse.optim.biz\/index.php?rest_route=\/wp\/v2\/posts\/344252\/revisions"}],"wp:featuredmedia":[{"embeddable":true,"href":"https:\/\/analyse.optim.biz\/index.php?rest_route=\/wp\/v2\/media\/344253"}],"wp:attachment":[{"href":"https:\/\/analyse.optim.biz\/index.php?rest_route=%2Fwp%2Fv2%2Fmedia&parent=344252"}],"wp:term":[{"taxonomy":"category","embeddable":true,"href":"https:\/\/analyse.optim.biz\/index.php?rest_route=%2Fwp%2Fv2%2Fcategories&post=344252"},{"taxonomy":"post_tag","embeddable":true,"href":"https:\/\/analyse.optim.biz\/index.php?rest_route=%2Fwp%2Fv2%2Ftags&post=344252"}],"curies":[{"name":"wp","href":"https:\/\/api.w.org\/{rel}","templated":true}]}}