{"id":344202,"date":"2018-02-15T10:54:00","date_gmt":"2018-02-15T07:54:00","guid":{"rendered":"https:\/\/analyse.optim.biz\/?p=344202"},"modified":"2018-02-15T10:54:00","modified_gmt":"2018-02-15T07:54:00","slug":"dragnea-prima-reactie-dupa-declaratiile-sefei-dna-sunt-foarte-linistit","status":"publish","type":"post","link":"https:\/\/analyse.optim.biz\/?p=344202","title":{"rendered":"Dragnea, prima reac\u0163ie dup\u0103 declara\u0163iile \u015fefei DNA: &#8216;Sunt foarte lini\u015ftit!&#8217;"},"content":{"rendered":"<div class=\"description\" data-key=\"description\">Liviu Dragnea\u00a0a declarat, cu privire la conferin\u0163a de pres\u0103 de miercuri a \u015fefei DNA Laura Codru\u0163a Kovesi, c\u0103 este foarte lini\u015ftit.<\/div>\n<div class=\"articleBody\" data-key=\"articleBody\">Liviu Dragnea\u00a0a declarat, cu privire la conferin\u0163a de pres\u0103 de miercuri a \u015fefei DNA Laura Codru\u0163a Kovesi, c\u0103 este foarte lini\u015ftit, afirm\u00e2nd c\u0103 probele nu s-au falsificat, iar legea nu a fost \u00eenc\u0103lcat\u0103.<\/p>\n<p>&#8216;Sunt foarte lini\u015ftit! Probele nu s-au falsificat, legea nu a fost \u00eenc\u0103lcat\u0103&#8217;, a spus Dragnea la Palatul Parlamentului \u00eentrebat dac\u0103 miercuri sear\u0103 s-a uitat la meciul de fotbal sau la conferin\u0163a de pres\u0103 a \u015fefei DNA.<\/p>\n<p>Pre\u015fedintele Camerei Deputa\u0163ilor\u00a0a refuzat s\u0103 fac\u0103 alte comentarii despre declara\u0163iile Laurei Codru\u0163a Kovesi din conferin\u0163a de pres\u0103.<\/p>\n<p>Sursa: News.ro\n<\/p><\/div>\n<p> Source URL: https:\/\/observatornews.ro\/politic\/dragnea-reactie-conferinta-kovesi-241800.html<\/p>\n","protected":false},"excerpt":{"rendered":"<p>Liviu Dragnea\u00a0a declarat, cu privire la conferin\u0163a de pres\u0103 de miercuri a \u015fefei DNA Laura Codru\u0163a Kovesi, c\u0103 este foarte lini\u015ftit. Liviu Dragnea\u00a0a declarat, cu privire la conferin\u0163a de pres\u0103 de miercuri a \u015fefei DNA Laura Codru\u0163a Kovesi, c\u0103 este foarte lini\u015ftit, afirm\u00e2nd c\u0103 probele nu s-au falsificat, iar legea nu a fost \u00eenc\u0103lcat\u0103. &#8216;Sunt [&hellip;]<\/p>\n","protected":false},"author":1,"featured_media":344203,"comment_status":"open","ping_status":"","sticky":false,"template":"","format":"standard","meta":{"footnotes":""},"categories":[2],"tags":[30],"class_list":["post-344202","post","type-post","status-publish","format-standard","has-post-thumbnail","hentry","category-politics","tag-observatornews-ro"],"_links":{"self":[{"href":"https:\/\/analyse.optim.biz\/index.php?rest_route=\/wp\/v2\/posts\/344202","targetHints":{"allow":["GET"]}}],"collection":[{"href":"https:\/\/analyse.optim.biz\/index.php?rest_route=\/wp\/v2\/posts"}],"about":[{"href":"https:\/\/analyse.optim.biz\/index.php?rest_route=\/wp\/v2\/types\/post"}],"author":[{"embeddable":true,"href":"https:\/\/analyse.optim.biz\/index.php?rest_route=\/wp\/v2\/users\/1"}],"replies":[{"embeddable":true,"href":"https:\/\/analyse.optim.biz\/index.php?rest_route=%2Fwp%2Fv2%2Fcomments&post=344202"}],"version-history":[{"count":0,"href":"https:\/\/analyse.optim.biz\/index.php?rest_route=\/wp\/v2\/posts\/344202\/revisions"}],"wp:featuredmedia":[{"embeddable":true,"href":"https:\/\/analyse.optim.biz\/index.php?rest_route=\/wp\/v2\/media\/344203"}],"wp:attachment":[{"href":"https:\/\/analyse.optim.biz\/index.php?rest_route=%2Fwp%2Fv2%2Fmedia&parent=344202"}],"wp:term":[{"taxonomy":"category","embeddable":true,"href":"https:\/\/analyse.optim.biz\/index.php?rest_route=%2Fwp%2Fv2%2Fcategories&post=344202"},{"taxonomy":"post_tag","embeddable":true,"href":"https:\/\/analyse.optim.biz\/index.php?rest_route=%2Fwp%2Fv2%2Ftags&post=344202"}],"curies":[{"name":"wp","href":"https:\/\/api.w.org\/{rel}","templated":true}]}}