{"id":344200,"date":"2018-02-15T11:17:00","date_gmt":"2018-02-15T08:17:00","guid":{"rendered":"https:\/\/analyse.optim.biz\/?p=344200"},"modified":"2018-02-15T11:17:00","modified_gmt":"2018-02-15T08:17:00","slug":"premierul-dancila-pleaca-la-bruxelles-in-plin-scandal-dna-intalniri-cu-oficialii-europeni","status":"publish","type":"post","link":"https:\/\/analyse.optim.biz\/?p=344200","title":{"rendered":"Premierul D\u0103ncil\u0103 pleac\u0103 la Bruxelles, \u00een plin scandal DNA. \u00cent\u00e2lniri cu oficialii europeni"},"content":{"rendered":"<div class=\"articleBody\" data-key=\"articleBody\">\nD\u0103ncil\u0103 &#8211; \u00eent\u00e2lniri s\u0103pt\u0103m\u00e2na viitoare, la Bruxelles, cu pre\u015fedin\u0163ii CE, Consiliului European \u015fi PE<\/p>\n<p>\u00a0 \u00a0Bucure\u015fti, 15 feb \/Agerpres\/ &#8211; Premierul Viorica D\u0103ncil\u0103 se va \u00eent\u00e2lni, s\u0103pt\u0103m\u00e2na viitoare, la Bruxelles, cu pre\u015fedintele Comisiei Europene, Jean-Claude Juncker, cu pre\u015fedintele Consiliului European, Donald Tusk, cu pre\u015fedintele Parlamentului European, Antonio Tajani, precum \u015fi cu comisarul european pe politici regionale Corina Cre\u0163u.<\/p>\n<p>\u00a0 \u00a0&#8216;S\u0103pt\u0103m\u00e2na viitoare, la Bruxelles, voi avea \u00eent\u00e2lnire cu pre\u015fedintele Comisiei Europene, domnul Juncker, cu pre\u015fedintele Consiliului European, domnul Tusk, cu pre\u015fedintele Parlamentului European, domnul Tajani, \u015fi, bine\u00een\u0163eles, \u00eent\u00e2lnire cu comisarul european pe politici regionale, doamna Corina Cre\u0163u. (&#8230;) Este important pentru noi s\u0103 ar\u0103t\u0103m deschidere \u015fi cooperare at\u00e2t cu statele membre UE, dar \u015fi cu statele cu care avem un parteneriat strategic&#8217;, a precizat premierul Viorica D\u0103ncil\u0103, joi, la \u00eenceputul \u015fedin\u0163ei de Guvern.<\/p>\n<p>\u00a0 \u00a0Totodat\u0103, ea a men\u0163ionat c\u0103 a avut o serie de \u00eent\u00e2lniri cu ambasadori acredita\u0163i la Bucure\u015fti, iar aceste \u00eentrevederi vor continua \u00een perioada urm\u0103toare.<\/p>\n<p>\u00a0 \u00a0&#8216;A\u015fa cum am anun\u0163at \u00een discursul de \u00eenvestitur\u0103, \u00een perioada urm\u0103toare, vom intensifica ac\u0163iunile de politic\u0103 extern\u0103 \u015fi rela\u0163iile economice cu statele partenere. Cred c\u0103 acest lucru este foarte important. De asemenea, vom accentua dimensiunea european\u0103 a guvern\u0103rii, vom \u00eencerca s\u0103 particip\u0103m activ la discu\u0163iile privind viitorul economic \u015fi, nu \u00een ultimul r\u00e2nd, vom trata cu o aten\u0163ie deosebit\u0103 \u015fi ne vom mobiliza pentru cre\u015fterea ratei absorb\u0163iei fondurilor europene. \u00cen spiritul celor afirmate, v\u0103 informez c\u0103 am avut \u00eent\u00e2lniri cu o serie de ambasadori acredita\u0163i la Bucure\u015fti \u00een aceast\u0103 s\u0103pt\u0103m\u00e2n\u0103, voi continua aceste \u00eent\u00e2lniri tocmai pentru a pune \u00een practic\u0103 ceea ce am promis \u00een discursul de \u00eenvestitur\u0103&#8217;, a ad\u0103ugat D\u0103ncil\u0103.\n<\/p><\/div>\n<p> Source URL: https:\/\/observatornews.ro\/politic\/premierul-dancila-pleaca-la-bruxelles-in-plin-scandal-dna-intalniri-cu-oficialii-europeni-241813.html<\/p>\n","protected":false},"excerpt":{"rendered":"<p>D\u0103ncil\u0103 &#8211; \u00eent\u00e2lniri s\u0103pt\u0103m\u00e2na viitoare, la Bruxelles, cu pre\u015fedin\u0163ii CE, Consiliului European \u015fi PE \u00a0 \u00a0Bucure\u015fti, 15 feb \/Agerpres\/ &#8211; Premierul Viorica D\u0103ncil\u0103 se va \u00eent\u00e2lni, s\u0103pt\u0103m\u00e2na viitoare, la Bruxelles, cu pre\u015fedintele Comisiei Europene, Jean-Claude Juncker, cu pre\u015fedintele Consiliului European, Donald Tusk, cu pre\u015fedintele Parlamentului European, Antonio Tajani, precum \u015fi cu comisarul european pe politici [&hellip;]<\/p>\n","protected":false},"author":1,"featured_media":344201,"comment_status":"open","ping_status":"","sticky":false,"template":"","format":"standard","meta":{"footnotes":""},"categories":[2],"tags":[30],"class_list":["post-344200","post","type-post","status-publish","format-standard","has-post-thumbnail","hentry","category-politics","tag-observatornews-ro"],"_links":{"self":[{"href":"https:\/\/analyse.optim.biz\/index.php?rest_route=\/wp\/v2\/posts\/344200","targetHints":{"allow":["GET"]}}],"collection":[{"href":"https:\/\/analyse.optim.biz\/index.php?rest_route=\/wp\/v2\/posts"}],"about":[{"href":"https:\/\/analyse.optim.biz\/index.php?rest_route=\/wp\/v2\/types\/post"}],"author":[{"embeddable":true,"href":"https:\/\/analyse.optim.biz\/index.php?rest_route=\/wp\/v2\/users\/1"}],"replies":[{"embeddable":true,"href":"https:\/\/analyse.optim.biz\/index.php?rest_route=%2Fwp%2Fv2%2Fcomments&post=344200"}],"version-history":[{"count":0,"href":"https:\/\/analyse.optim.biz\/index.php?rest_route=\/wp\/v2\/posts\/344200\/revisions"}],"wp:featuredmedia":[{"embeddable":true,"href":"https:\/\/analyse.optim.biz\/index.php?rest_route=\/wp\/v2\/media\/344201"}],"wp:attachment":[{"href":"https:\/\/analyse.optim.biz\/index.php?rest_route=%2Fwp%2Fv2%2Fmedia&parent=344200"}],"wp:term":[{"taxonomy":"category","embeddable":true,"href":"https:\/\/analyse.optim.biz\/index.php?rest_route=%2Fwp%2Fv2%2Fcategories&post=344200"},{"taxonomy":"post_tag","embeddable":true,"href":"https:\/\/analyse.optim.biz\/index.php?rest_route=%2Fwp%2Fv2%2Ftags&post=344200"}],"curies":[{"name":"wp","href":"https:\/\/api.w.org\/{rel}","templated":true}]}}