{"id":344007,"date":"2018-02-15T21:08:00","date_gmt":"2018-02-15T18:08:00","guid":{"rendered":"https:\/\/analyse.optim.biz\/?p=344007"},"modified":"2018-02-15T21:08:00","modified_gmt":"2018-02-15T18:08:00","slug":"promisiunea-premierului-dancila-pentru-pensionari-nu-va-scadea-nicio-pensie-ba-mai-mult-creste-si-punctul-de-pensie","status":"publish","type":"post","link":"https:\/\/analyse.optim.biz\/?p=344007","title":{"rendered":"Promisiunea premierului D\u0103ncil\u0103 pentru pensionari: &#8220;Nu va sc\u0103dea nicio pensie, ba mai mult, cre\u015fte \u015fi punctul de pensie&#8221;"},"content":{"rendered":"<div class=\"description\" data-key=\"description\">Premierul Viorica D\u0103ncil\u0103 a declarat c\u0103 legea pensiilor trebuie adoptat\u0103 \u00een Parlament p\u00e2n\u0103 la sf\u00e2r\u015fitul anului, ea subliniind c\u0103 nu va sc\u0103dea nicio pensie.<\/div>\n<div class=\"articleBody\" data-key=\"articleBody\">Premierul Viorica D\u0103ncil\u0103 a declarat c\u0103 legea pensiilor trebuie adoptat\u0103 \u00een Parlament p\u00e2n\u0103 la sf\u00e2r\u015fitul anului, ea subliniind c\u0103 nu va sc\u0103dea nicio pensie.<\/p>\n<p>&#8220;A\u015fa cum este \u00een programul de guvernare, legea pensiilor trebuie adoptat\u0103 \u00een Parlament p\u00e2n\u0103 la sf\u00e2r\u015fitul acestui an. Bine\u00een\u0163eles c\u0103 va fi l\u0103sat\u0103 \u00een dezbatere public\u0103, pentru ca to\u0163i cei care vor s\u0103 aduc\u0103 \u00eembun\u0103t\u0103\u0163iri s\u0103 poat\u0103 s\u0103 o fac\u0103. Ceea ce pot s\u0103 spun eu acum este c\u0103 ne vom \u00eencadra \u00een programul de guvernare, c\u0103 nu va sc\u0103dea nici o pensie, c\u0103 dac\u0103 \u00een cadrul Legii salariz\u0103rii, la munc\u0103 egal\u0103 avem plat\u0103 egal\u0103, acum, la munc\u0103 egal\u0103 vom avea pensie egal\u0103, pentru c\u0103 este un act de normalitate&#8217;, a afirmat Viorica D\u0103ncil\u0103, la Antena 3.<\/p>\n<p>Ea a men\u0163ionat c\u0103 punctul de pensie va cre\u015fte \u00een acest an la 1.100, anul urm\u0103tor, 2019, la 1.265, iar \u00een anul 2020, punctul de pensie va cre\u015fte la 1.775.<\/p>\n<p>&#8220;Deci \u00een Legea pensiilor, ceea ce am prev\u0103zut \u00een programul de guvernare se va reg\u0103si cu siguran\u0163\u0103. Se lucreaz\u0103 la Legea pensiilor, am discutat cu doamna ministru, dar nu pot s\u0103 vorbesc despre o form\u0103 final\u0103, sunt mai multe variante. Forma final\u0103 va fi forma care va cuprinde tot ceea ce va ie\u015fi \u015fi din dezbaterea public\u0103, dar \u015fi principiile pe care eu le-am enun\u0163at anterior&#8217;, a ad\u0103ugat D\u0103ncil\u0103.\n<\/p><\/div>\n<p> Source URL: https:\/\/observatornews.ro\/politic\/promisiunea-premierului-dancila-pentru-pensionari-nu-va-scadea-nicio-pensie-ba-mai-mult-creste-si-punctul-de-pensie-241905.html<\/p>\n","protected":false},"excerpt":{"rendered":"<p>Premierul Viorica D\u0103ncil\u0103 a declarat c\u0103 legea pensiilor trebuie adoptat\u0103 \u00een Parlament p\u00e2n\u0103 la sf\u00e2r\u015fitul anului, ea subliniind c\u0103 nu va sc\u0103dea nicio pensie. Premierul Viorica D\u0103ncil\u0103 a declarat c\u0103 legea pensiilor trebuie adoptat\u0103 \u00een Parlament p\u00e2n\u0103 la sf\u00e2r\u015fitul anului, ea subliniind c\u0103 nu va sc\u0103dea nicio pensie. &#8220;A\u015fa cum este \u00een programul de guvernare, [&hellip;]<\/p>\n","protected":false},"author":1,"featured_media":344008,"comment_status":"open","ping_status":"","sticky":false,"template":"","format":"standard","meta":{"footnotes":""},"categories":[2],"tags":[30],"class_list":["post-344007","post","type-post","status-publish","format-standard","has-post-thumbnail","hentry","category-politics","tag-observatornews-ro"],"_links":{"self":[{"href":"https:\/\/analyse.optim.biz\/index.php?rest_route=\/wp\/v2\/posts\/344007","targetHints":{"allow":["GET"]}}],"collection":[{"href":"https:\/\/analyse.optim.biz\/index.php?rest_route=\/wp\/v2\/posts"}],"about":[{"href":"https:\/\/analyse.optim.biz\/index.php?rest_route=\/wp\/v2\/types\/post"}],"author":[{"embeddable":true,"href":"https:\/\/analyse.optim.biz\/index.php?rest_route=\/wp\/v2\/users\/1"}],"replies":[{"embeddable":true,"href":"https:\/\/analyse.optim.biz\/index.php?rest_route=%2Fwp%2Fv2%2Fcomments&post=344007"}],"version-history":[{"count":0,"href":"https:\/\/analyse.optim.biz\/index.php?rest_route=\/wp\/v2\/posts\/344007\/revisions"}],"wp:featuredmedia":[{"embeddable":true,"href":"https:\/\/analyse.optim.biz\/index.php?rest_route=\/wp\/v2\/media\/344008"}],"wp:attachment":[{"href":"https:\/\/analyse.optim.biz\/index.php?rest_route=%2Fwp%2Fv2%2Fmedia&parent=344007"}],"wp:term":[{"taxonomy":"category","embeddable":true,"href":"https:\/\/analyse.optim.biz\/index.php?rest_route=%2Fwp%2Fv2%2Fcategories&post=344007"},{"taxonomy":"post_tag","embeddable":true,"href":"https:\/\/analyse.optim.biz\/index.php?rest_route=%2Fwp%2Fv2%2Ftags&post=344007"}],"curies":[{"name":"wp","href":"https:\/\/api.w.org\/{rel}","templated":true}]}}