{"id":343880,"date":"2018-02-16T11:02:00","date_gmt":"2018-02-16T08:02:00","guid":{"rendered":"https:\/\/analyse.optim.biz\/?p=343880"},"modified":"2018-02-16T11:02:00","modified_gmt":"2018-02-16T08:02:00","slug":"carmen-dan-vrea-o-schimbare-in-politia-romana-este-obligatorie-si-necesara","status":"publish","type":"post","link":"https:\/\/analyse.optim.biz\/?p=343880","title":{"rendered":"Carmen Dan vrea o schimbare \u00een Poli\u0163ia Rom\u00e2n\u0103: &#8216;Este obligatorie \u015fi necesar\u0103&#8217;"},"content":{"rendered":"<div class=\"description\" data-key=\"description\">Ministrul Afacerilor Interne, Carmen Dan, a declarat vineri c\u0103 o schimbare \u00een Poli\u0163ia Rom\u00e2n\u0103 este obligatorie \u015fi necesar\u0103.<\/div>\n<div class=\"articleBody\" data-key=\"articleBody\">Ministrul Afacerilor Interne, Carmen Dan, a declarat vineri c\u0103 o schimbare \u00een Poli\u0163ia Rom\u00e2n\u0103 este obligatorie \u015fi necesar\u0103.<\/p>\n<p>&#8216;Aceast\u0103 diagnoz\u0103 pe care am cerut-o, diagnoz\u0103 care, a\u015fa cum spuneam, trebuie obligatoriu urmat\u0103 de un plan de m\u0103suri. \u00cen\u0163eleg c\u0103 \u015fi acel plan de m\u0103suri s-a f\u0103cut, eu \u00eenc\u0103 nu l-am v\u0103zut, o s\u0103-l discut imediat ce se poate, \u00een perioada imediat urm\u0103toare, cu domnul inspector general \u015fi de aici \u00eencolo v\u0103 asigur c\u0103 vom fi foarte transparen\u0163i \u00een comunicare \u015fi vom \u015fti pas cu pas cum ne dorim s\u0103 aducem o schimbare \u00een Poli\u0163ia Rom\u00e2n\u0103, pentru c\u0103 este, din punctul nostru de vedere, obligatoriu, este necesar\u0103&#8217;, a spus Carmen Dan, la finalul bilan\u0163ului activit\u0103\u0163ii Inspectoratului General al Poli\u0163iei Rom\u00e2ne pe anul 2017.<\/p>\n<p>\u00centrebat\u0103 despre raportul Corpului de control al Ministerului Afacerilor Interne \u00eentocmit \u00een urma verific\u0103rilor la IGPR, Carmen Dan a ar\u0103tat c\u0103 un extras din acesta va fi postat pe site-ul MAI.<\/p>\n<p>&#8216;Am avut ocazia s\u0103 \u00eel citesc, \u00eentr-o procedur\u0103 transparent\u0103. (&#8230;) Ast\u0103zi va fi postat pe site-ul institu\u0163iei un extras al acestui raport final, un raport foarte serios, foarte bine documentat, pe care imediat ce m\u0103 \u00eentorc la birou am s\u0103 \u00eel semnez, ca s\u0103 poat\u0103 fi f\u0103cut acel extras \u015fi postat&#8217;, a precizat Carmen Dan.<\/p>\n<p>Ministrul Afacerilor Interne anun\u0163a pe 11 ianuarie c\u0103 a dispus trimiterea Corpului de control la IGPR pentru verific\u0103ri legate de cazul de agresiune sexual\u0103 \u00een care a fost implicat agentul de poli\u0163ie Eugen Stan de la Brigada de Poli\u0163ie Rutier\u0103 Bucure\u015fti.<\/p>\n<p>Sursa: Agerpres\n<\/p><\/div>\n<p> Source URL: https:\/\/observatornews.ro\/politic\/carmen-dan-vrea-o-schimbare-in-politia-romana-este-obligatorie-si-necesara-241952.html<\/p>\n","protected":false},"excerpt":{"rendered":"<p>Ministrul Afacerilor Interne, Carmen Dan, a declarat vineri c\u0103 o schimbare \u00een Poli\u0163ia Rom\u00e2n\u0103 este obligatorie \u015fi necesar\u0103. Ministrul Afacerilor Interne, Carmen Dan, a declarat vineri c\u0103 o schimbare \u00een Poli\u0163ia Rom\u00e2n\u0103 este obligatorie \u015fi necesar\u0103. &#8216;Aceast\u0103 diagnoz\u0103 pe care am cerut-o, diagnoz\u0103 care, a\u015fa cum spuneam, trebuie obligatoriu urmat\u0103 de un plan de m\u0103suri. [&hellip;]<\/p>\n","protected":false},"author":1,"featured_media":343881,"comment_status":"open","ping_status":"","sticky":false,"template":"","format":"standard","meta":{"footnotes":""},"categories":[2],"tags":[30],"class_list":["post-343880","post","type-post","status-publish","format-standard","has-post-thumbnail","hentry","category-politics","tag-observatornews-ro"],"_links":{"self":[{"href":"https:\/\/analyse.optim.biz\/index.php?rest_route=\/wp\/v2\/posts\/343880","targetHints":{"allow":["GET"]}}],"collection":[{"href":"https:\/\/analyse.optim.biz\/index.php?rest_route=\/wp\/v2\/posts"}],"about":[{"href":"https:\/\/analyse.optim.biz\/index.php?rest_route=\/wp\/v2\/types\/post"}],"author":[{"embeddable":true,"href":"https:\/\/analyse.optim.biz\/index.php?rest_route=\/wp\/v2\/users\/1"}],"replies":[{"embeddable":true,"href":"https:\/\/analyse.optim.biz\/index.php?rest_route=%2Fwp%2Fv2%2Fcomments&post=343880"}],"version-history":[{"count":0,"href":"https:\/\/analyse.optim.biz\/index.php?rest_route=\/wp\/v2\/posts\/343880\/revisions"}],"wp:featuredmedia":[{"embeddable":true,"href":"https:\/\/analyse.optim.biz\/index.php?rest_route=\/wp\/v2\/media\/343881"}],"wp:attachment":[{"href":"https:\/\/analyse.optim.biz\/index.php?rest_route=%2Fwp%2Fv2%2Fmedia&parent=343880"}],"wp:term":[{"taxonomy":"category","embeddable":true,"href":"https:\/\/analyse.optim.biz\/index.php?rest_route=%2Fwp%2Fv2%2Fcategories&post=343880"},{"taxonomy":"post_tag","embeddable":true,"href":"https:\/\/analyse.optim.biz\/index.php?rest_route=%2Fwp%2Fv2%2Ftags&post=343880"}],"curies":[{"name":"wp","href":"https:\/\/api.w.org\/{rel}","templated":true}]}}