{"id":343878,"date":"2018-02-16T11:12:13","date_gmt":"2018-02-16T08:12:13","guid":{"rendered":"https:\/\/analyse.optim.biz\/?p=343878"},"modified":"2018-02-16T11:12:13","modified_gmt":"2018-02-16T08:12:13","slug":"premierul-viorica-dancila-a-intrat-in-atentia-consiliului-national-pentru-combaterea-discriminarii","status":"publish","type":"post","link":"https:\/\/analyse.optim.biz\/?p=343878","title":{"rendered":"Premierul Viorica D\u0103ncil\u0103 a intrat \u00een aten\u0163ia Consiliului Na\u0163ional pentru Combaterea Discrimin\u0103rii"},"content":{"rendered":"<div class=\"articleBody\" data-key=\"articleBody\">Totul dup\u0103 ce \u015feful Guvernului a folosit cuv\u00e2ntul &#8220;autism&#8221; \u00eentr-un context nepotrivit. Remarca a st\u00e2rnit \u015fi indignarea asocia\u0163iilor de pacien\u0163i. Confruntat\u0103 cu reac\u0163ii virulente, premierul a venit cu scuze.<\/div>\n<p> Source URL: https:\/\/observatornews.ro\/politic\/premierul-viorica-dancila-a-intrat-in-atentia-consiliului-national-pentru-combaterea-discriminarii-241951.html<\/p>\n","protected":false},"excerpt":{"rendered":"<p>Totul dup\u0103 ce \u015feful Guvernului a folosit cuv\u00e2ntul &#8220;autism&#8221; \u00eentr-un context nepotrivit. Remarca a st\u00e2rnit \u015fi indignarea asocia\u0163iilor de pacien\u0163i. Confruntat\u0103 cu reac\u0163ii virulente, premierul a venit cu scuze. Source URL: https:\/\/observatornews.ro\/politic\/premierul-viorica-dancila-a-intrat-in-atentia-consiliului-national-pentru-combaterea-discriminarii-241951.html<\/p>\n","protected":false},"author":1,"featured_media":343879,"comment_status":"open","ping_status":"","sticky":false,"template":"","format":"standard","meta":{"footnotes":""},"categories":[2],"tags":[30],"class_list":["post-343878","post","type-post","status-publish","format-standard","has-post-thumbnail","hentry","category-politics","tag-observatornews-ro"],"_links":{"self":[{"href":"https:\/\/analyse.optim.biz\/index.php?rest_route=\/wp\/v2\/posts\/343878","targetHints":{"allow":["GET"]}}],"collection":[{"href":"https:\/\/analyse.optim.biz\/index.php?rest_route=\/wp\/v2\/posts"}],"about":[{"href":"https:\/\/analyse.optim.biz\/index.php?rest_route=\/wp\/v2\/types\/post"}],"author":[{"embeddable":true,"href":"https:\/\/analyse.optim.biz\/index.php?rest_route=\/wp\/v2\/users\/1"}],"replies":[{"embeddable":true,"href":"https:\/\/analyse.optim.biz\/index.php?rest_route=%2Fwp%2Fv2%2Fcomments&post=343878"}],"version-history":[{"count":0,"href":"https:\/\/analyse.optim.biz\/index.php?rest_route=\/wp\/v2\/posts\/343878\/revisions"}],"wp:featuredmedia":[{"embeddable":true,"href":"https:\/\/analyse.optim.biz\/index.php?rest_route=\/wp\/v2\/media\/343879"}],"wp:attachment":[{"href":"https:\/\/analyse.optim.biz\/index.php?rest_route=%2Fwp%2Fv2%2Fmedia&parent=343878"}],"wp:term":[{"taxonomy":"category","embeddable":true,"href":"https:\/\/analyse.optim.biz\/index.php?rest_route=%2Fwp%2Fv2%2Fcategories&post=343878"},{"taxonomy":"post_tag","embeddable":true,"href":"https:\/\/analyse.optim.biz\/index.php?rest_route=%2Fwp%2Fv2%2Ftags&post=343878"}],"curies":[{"name":"wp","href":"https:\/\/api.w.org\/{rel}","templated":true}]}}