{"id":343114,"date":"2018-02-21T15:42:00","date_gmt":"2018-02-21T12:42:00","guid":{"rendered":"https:\/\/analyse.optim.biz\/?p=343114"},"modified":"2018-02-21T15:42:00","modified_gmt":"2018-02-21T12:42:00","slug":"dna-cere-12-ani-de-inchisoare-pentru-viorel-hrebenciuc-in-dosarul-retrocedarilor","status":"publish","type":"post","link":"https:\/\/analyse.optim.biz\/?p=343114","title":{"rendered":"DNA cere 12 ani de \u00eenchisoare pentru Viorel Hrebenciuc, \u00een dosarul retroced\u0103rilor"},"content":{"rendered":"<div class=\"description\" data-key=\"description\">Un procuror DNA cere judec\u0103torilor \u00ceCCJ condamnarea tuturor inculpa\u0163ilor din dosarul retroced\u0103rilor ilegale de p\u0103duri la pedepse cu executare<\/div>\n<div class=\"articleBody\" data-key=\"articleBody\">Un procuror de la DNA a solicitat miercuri judec\u0103torilor de la \u00cenalta Curte de Casa\u0163ie \u015fi Justi\u0163ie condamnarea tuturor inculpa\u0163ilor din dosarul retroced\u0103rilor ilegale de p\u0103duri la pedepse cu executare, orientate spre maximul prev\u0103zut de legea penal\u0103.<\/p>\n<p>Astfel, procurorul a cerut o pedeaps\u0103 maxim\u0103 cu executare pentru fostul deputat Viorel Hrebenciuc, acuzat de s\u0103v\u00e2r\u015firea infrac\u0163iunilor de constituire a unui grup infrac\u0163ional organizat, trafic de influen\u0163\u0103 \u015fi sp\u0103lare a banilor. Pedepsa maxim\u0103 pentru constituire a unui grup infrac\u0163ional organizat este de 10 ani, iar pentru sp\u0103lare de bani este de 12 ani.<\/p>\n<p>Reprezentantul DNA a mai cerut judec\u0103torilor confiscarea sumei de 20.000 de euro de la judec\u0103torul Lorand Andras Ordog, reprezent\u00e2nd mita primit\u0103 de acesta de la fostul deputat Ioan Adam.<\/p>\n<p>Procesul continu\u0103 cu pledoariile avoca\u0163ilor, urm\u00e2nd ca ultimul termen efectiv al dosarului s\u0103 aib\u0103 loc vineri, c\u00e2nd inculpa\u0163ii vor avea ultimul cuv\u00e2nt \u00een sala de judecat\u0103.<\/p>\n<p>Dosarul retroced\u0103rilor a fost trimis \u00een instan\u0163\u0103 \u00een ianuarie 2015, procesul av\u00e2nd peste 60 de termene de judecat\u0103. \u00cen octombrie 2015, Viorel \u015fi Andrei Hrebenciuc, dar \u015fi fostul deputat Ioan Adam \u015fi-au recunoscut vinov\u0103\u0163ia, solicit\u00e2nd s\u0103 fie judeca\u0163i prin procedura simplificat\u0103.<\/p>\n<p>Astfel, Viorel Hrebenciuc \u015fi-a recunoscut faptele \u00een fa\u0163a judec\u0103torilor \u015fi a povestit c\u0103 a acceptat s\u0103 intervin\u0103 pe l\u00e2ng\u0103 func\u0163ionarii unor institu\u0163ii din Bac\u0103u pentru ca Paltin Gheorghe Sturdza s\u0103 intre \u00een posesia a 43.000 de hectare de p\u0103dure. \u00cen schimbul interven\u0163iei, Hrebenciuc urma s\u0103 primeasc\u0103 12.000 de hectare, prin \u00eencheierea unui act adi\u0163ional pe numele fiului s\u0103u.<\/p>\n<p>Grupul infrac\u0163ional a beneficiat \u015fi de sprijinul lui Ion Durlan, care a men\u0163inut leg\u0103tura cu persoanele din cadrul Direc\u0163iei Silvice Bac\u0103u \u015fi l-a informat pe Dan Bengescu despre existen\u0163a unei anchete DNA.<\/p>\n<p>Surs\u0103: Agerpres\n<\/p><\/div>\n<p> Source URL: https:\/\/observatornews.ro\/politic\/dna-cere-12-ani-de-inchisoare-pentru-hrebenciuc-242608.html<\/p>\n","protected":false},"excerpt":{"rendered":"<p>Un procuror DNA cere judec\u0103torilor \u00ceCCJ condamnarea tuturor inculpa\u0163ilor din dosarul retroced\u0103rilor ilegale de p\u0103duri la pedepse cu executare Un procuror de la DNA a solicitat miercuri judec\u0103torilor de la \u00cenalta Curte de Casa\u0163ie \u015fi Justi\u0163ie condamnarea tuturor inculpa\u0163ilor din dosarul retroced\u0103rilor ilegale de p\u0103duri la pedepse cu executare, orientate spre maximul prev\u0103zut de legea [&hellip;]<\/p>\n","protected":false},"author":1,"featured_media":343115,"comment_status":"open","ping_status":"","sticky":false,"template":"","format":"standard","meta":{"footnotes":""},"categories":[2],"tags":[30],"class_list":["post-343114","post","type-post","status-publish","format-standard","has-post-thumbnail","hentry","category-politics","tag-observatornews-ro"],"_links":{"self":[{"href":"https:\/\/analyse.optim.biz\/index.php?rest_route=\/wp\/v2\/posts\/343114","targetHints":{"allow":["GET"]}}],"collection":[{"href":"https:\/\/analyse.optim.biz\/index.php?rest_route=\/wp\/v2\/posts"}],"about":[{"href":"https:\/\/analyse.optim.biz\/index.php?rest_route=\/wp\/v2\/types\/post"}],"author":[{"embeddable":true,"href":"https:\/\/analyse.optim.biz\/index.php?rest_route=\/wp\/v2\/users\/1"}],"replies":[{"embeddable":true,"href":"https:\/\/analyse.optim.biz\/index.php?rest_route=%2Fwp%2Fv2%2Fcomments&post=343114"}],"version-history":[{"count":0,"href":"https:\/\/analyse.optim.biz\/index.php?rest_route=\/wp\/v2\/posts\/343114\/revisions"}],"wp:featuredmedia":[{"embeddable":true,"href":"https:\/\/analyse.optim.biz\/index.php?rest_route=\/wp\/v2\/media\/343115"}],"wp:attachment":[{"href":"https:\/\/analyse.optim.biz\/index.php?rest_route=%2Fwp%2Fv2%2Fmedia&parent=343114"}],"wp:term":[{"taxonomy":"category","embeddable":true,"href":"https:\/\/analyse.optim.biz\/index.php?rest_route=%2Fwp%2Fv2%2Fcategories&post=343114"},{"taxonomy":"post_tag","embeddable":true,"href":"https:\/\/analyse.optim.biz\/index.php?rest_route=%2Fwp%2Fv2%2Ftags&post=343114"}],"curies":[{"name":"wp","href":"https:\/\/api.w.org\/{rel}","templated":true}]}}