{"id":342868,"date":"2018-02-22T17:50:00","date_gmt":"2018-02-22T14:50:00","guid":{"rendered":"https:\/\/analyse.optim.biz\/?p=342868"},"modified":"2018-02-22T17:50:00","modified_gmt":"2018-02-22T14:50:00","slug":"care-este-procedura-de-revocare-a-procurorului-sef-al-dna","status":"publish","type":"post","link":"https:\/\/analyse.optim.biz\/?p=342868","title":{"rendered":"Care este procedura de revocare a Procurorului \u015eef al DNA"},"content":{"rendered":"<div class=\"description\" data-key=\"description\">Ministrul Justi\u0163iei, Tudorel Toader, a anun\u0163at declan\u015farea procedurii de revocare din func\u0163ie a Procurorului \u015eef al DNA. Iat\u0103 pa\u015fii ce trebuie urma\u0163i.<\/div>\n<div class=\"articleBody\" data-key=\"articleBody\">Ministrul Justi\u0163iei, Tudorel Toader, a anun\u0163at declan\u015farea procedurii de revocare din func\u0163ie a Procurorului \u015eef al DNA. Iat\u0103 pa\u015fii care ar putea duce la demiterea Laurei Codru\u0163a Kovesi.<\/p>\n<p>Revocarea procurorului general al Rom\u00e2niei sau a procurorului \u015fef al DNA se face de c\u0103tre pre\u015fedintele Rom\u00e2niei, la propunerea ministrului Justi\u0163iei, care se poate sesiza \u015fi din oficiu.<\/p>\n<p>Astfel, potrivit articolului 54 alineatul 1 din Legea 303\/2004 privind statutul judec\u0103torilor \u015fi procurorilor, procurorul general al Parchetului de pe l\u00e2ng\u0103 \u00cenalta Curte de Casa\u0163ie \u015fi Justi\u0163ie, prim-adjunctul \u015fi adjunctul acestuia, procurorul general al Parchetului Na\u0163ional Anticorup\u0163ie, adjunc\u0163ii acestuia, procurorii \u015fefi de sec\u0163ie ai acestor parchete, precum \u015fi procurorul \u015fef al Direc\u0163iei de Investigare a Infrac\u0163iunilor de Criminalitate Organizat\u0103 \u015fi Terorism \u015fi adjunc\u0163ii acestora sunt numi\u0163i de Pre\u015fedintele Rom\u00e2niei, la propunerea ministrului justi\u0163iei, cu avizul Consiliului Superior al Magistraturii, dintre procurorii care au o vechime minim\u0103 de 10 ani \u00een func\u0163ia de judec\u0103tor sau procuror, pe o perioad\u0103 de 3 ani, cu posibilitatea re\u00eenvestirii o singur\u0103 dat\u0103.<br \/>\n(function(d,s,id){var js,fjs=d.getElementsByTagName(s)[0];if(d.getElementById(id))return;js=d.createElement(s);js.id=id;js.src=&#8217;https:\/\/embed.playbuzz.com\/sdk.js&#8217;;fjs.parentNode.insertBefore(js,fjs);}(document,&#8217;script&#8217;,&#8217;playbuzz-sdk&#8217;));<\/p>\n<p>\u00a0<\/p>\n<p>Pre\u015fedintele Rom\u00e2niei poate refuza motivat numirea \u00een func\u0163iile de conducere men\u0163ionate, aduc\u00e2nd la cuno\u015ftin\u0163a publicului motivele refuzului.<\/p>\n<p>&#8220;Revocarea procurorilor din func\u0163iile de conducere prev\u0103zute la alin. (1) se face de c\u0103tre Pre\u015fedintele Rom\u00e2niei, la propunerea ministrului justi\u0163iei care se poate sesiza din oficiu, la cererea adun\u0103rii generale sau, dup\u0103 caz, a procurorului general al Parchetului de pe l\u00e2ng\u0103 \u00cenalta Curte de Casa\u0163ie \u015fi Justi\u0163ie ori a procurorului general al Parchetului Na\u0163ional Anticorup\u0163ie, cu avizul Consiliului Superior al Magistraturii, pentru motivele prev\u0103zute la art. 51 alin. (2) care se aplic\u0103 \u00een mod corespunz\u0103tor&#8221;, prevede articolul 54 la alineatul 4.<\/p>\n<p>Articolul 51 stabile\u015fte c\u0103 revocarea din func\u0163ia de conducere se dispune pentru urm\u0103toarele motive: a) \u00een cazul \u00een care nu mai \u00eendeplinesc una dintre condi\u0163iile necesare pentru numirea \u00een func\u0163ia de conducere; b) \u00een cazul exercit\u0103rii necorespunz\u0103toare a atribu\u0163iilor manageriale privind organizarea eficient\u0103, comportamentul \u015fi comunicarea, asumarea responsabilit\u0103\u0163ilor \u015fi aptitudinile manageriale; c) \u00een cazul aplic\u0103rii uneia dintre sanc\u0163iunile disciplinare.<\/p>\n<p>La verificarea organiz\u0103rii eficiente a activit\u0103\u0163ii vor fi avute \u00een vedere, \u00een principal, urm\u0103toarele criterii: folosirea adecvat\u0103 a resurselor umane \u015fi materiale, evaluarea necesit\u0103\u0163ilor, gestionarea situa\u0163iilor de criz\u0103, raportul resurse investite &#8211; rezultate ob\u0163inute, gestionarea informa\u0163iilor, organizarea preg\u0103tirii \u015fi perfec\u0163ion\u0103rii profesionale \u015fi repartizarea sarcinilor \u00een cadrul parchetelor.<\/p>\n<p>La verificarea comportamentului \u015fi comunic\u0103rii vor fi avute \u00een vedere, \u00een principal, comportamentul \u015fi comunicarea cu judec\u0103torii, procurorii, personalul auxiliar, justi\u0163iabilii, persoanele implicate \u00een actul de justi\u0163ie, alte institu\u0163ii, mass-media, asigurarea accesului la informa\u0163iile de interes public din cadrul instan\u0163ei sau parchetului \u015fi transparen\u0163a actului de conducere.<\/p>\n<p>La verificarea asum\u0103rii responsabilit\u0103\u0163ii vor fi avute \u00een vedere, \u00een principal, \u00eendeplinirea atribu\u0163iilor prev\u0103zute de lege \u015fi regulamente, implementarea strategiilor na\u0163ionale \u015fi secven\u0163iale \u00een domeniul justi\u0163iei \u015fi respectarea principiului distribuirii aleatorii sau, dup\u0103 caz, al repartiz\u0103rii pe criterii obiective a cauzelor.<\/p>\n<p>La verificarea aptitudinilor manageriale vor fi avute \u00een vedere, \u00een principal, capacitatea de organizare, capacitatea rapid\u0103 de decizie, rezisten\u0163a la stres, autoperfec\u0163ionarea, capacitatea de analiz\u0103, sintez\u0103, previziune, strategie \u015fi planificare pe termen scurt, mediu \u015fi lung, ini\u0163iativ\u0103 \u015fi capacitatea de adaptare rapid\u0103.<\/p>\n<p>Sursa: News.ro\n<\/p><\/div>\n<p> Source URL: https:\/\/observatornews.ro\/politic\/procedura-revocare-sef-dna-242781.html<\/p>\n","protected":false},"excerpt":{"rendered":"<p>Ministrul Justi\u0163iei, Tudorel Toader, a anun\u0163at declan\u015farea procedurii de revocare din func\u0163ie a Procurorului \u015eef al DNA. Iat\u0103 pa\u015fii ce trebuie urma\u0163i. Ministrul Justi\u0163iei, Tudorel Toader, a anun\u0163at declan\u015farea procedurii de revocare din func\u0163ie a Procurorului \u015eef al DNA. Iat\u0103 pa\u015fii care ar putea duce la demiterea Laurei Codru\u0163a Kovesi. Revocarea procurorului general al Rom\u00e2niei [&hellip;]<\/p>\n","protected":false},"author":1,"featured_media":342869,"comment_status":"open","ping_status":"","sticky":false,"template":"","format":"standard","meta":{"footnotes":""},"categories":[2],"tags":[30],"class_list":["post-342868","post","type-post","status-publish","format-standard","has-post-thumbnail","hentry","category-politics","tag-observatornews-ro"],"_links":{"self":[{"href":"https:\/\/analyse.optim.biz\/index.php?rest_route=\/wp\/v2\/posts\/342868","targetHints":{"allow":["GET"]}}],"collection":[{"href":"https:\/\/analyse.optim.biz\/index.php?rest_route=\/wp\/v2\/posts"}],"about":[{"href":"https:\/\/analyse.optim.biz\/index.php?rest_route=\/wp\/v2\/types\/post"}],"author":[{"embeddable":true,"href":"https:\/\/analyse.optim.biz\/index.php?rest_route=\/wp\/v2\/users\/1"}],"replies":[{"embeddable":true,"href":"https:\/\/analyse.optim.biz\/index.php?rest_route=%2Fwp%2Fv2%2Fcomments&post=342868"}],"version-history":[{"count":0,"href":"https:\/\/analyse.optim.biz\/index.php?rest_route=\/wp\/v2\/posts\/342868\/revisions"}],"wp:featuredmedia":[{"embeddable":true,"href":"https:\/\/analyse.optim.biz\/index.php?rest_route=\/wp\/v2\/media\/342869"}],"wp:attachment":[{"href":"https:\/\/analyse.optim.biz\/index.php?rest_route=%2Fwp%2Fv2%2Fmedia&parent=342868"}],"wp:term":[{"taxonomy":"category","embeddable":true,"href":"https:\/\/analyse.optim.biz\/index.php?rest_route=%2Fwp%2Fv2%2Fcategories&post=342868"},{"taxonomy":"post_tag","embeddable":true,"href":"https:\/\/analyse.optim.biz\/index.php?rest_route=%2Fwp%2Fv2%2Ftags&post=342868"}],"curies":[{"name":"wp","href":"https:\/\/api.w.org\/{rel}","templated":true}]}}