{"id":342866,"date":"2018-02-22T18:01:00","date_gmt":"2018-02-22T15:01:00","guid":{"rendered":"https:\/\/analyse.optim.biz\/?p=342866"},"modified":"2018-02-22T18:01:00","modified_gmt":"2018-02-22T15:01:00","slug":"reactia-lui-klaus-iohannis-la-propunerea-de-revocare-a-sefei-dna-facuta-de-tudorel-toader","status":"publish","type":"post","link":"https:\/\/analyse.optim.biz\/?p=342866","title":{"rendered":"Reac\u0163ia lui Klaus Iohannis la propunerea de revocare a \u015fefei DNA, f\u0103cut\u0103 de Tudorel Toader"},"content":{"rendered":"<div class=\"description\" data-key=\"description\">Klaus Iohannis a reac\u0163ionat la anun\u0163ul lui Tudorel Toader, de a declan\u015fa procedura de demitere a \u015fefei DNA.<\/div>\n<div class=\"articleBody\" data-key=\"articleBody\">Klaus Iohannis a reac\u0163ionat la anun\u0163ul lui Tudorel Toader, de a declan\u015fa procedura de demitere a \u015fefei DNA. Pre\u015fedintele Rom\u00e2niei \u015fi-a exprimat pozi\u0163ia \u00eentr-un comunicat.<\/p>\n<p>Reac\u0163ia lui Klaus Iohannis\u00a0a venit la nici o or\u0103 dup\u0103 ce Tudorel Toader a f\u0103cut declara\u0163ia de pres\u0103.<\/p>\n<p>V\u0103 prezent\u0103m comunicatul transmis de Klaus Iohannis:<\/p>\n<p>Referitor la Raportul privind activitatea managerial\u0103 a Direc\u021biei Na\u021bionale Anticorup\u021bie, prezentat joi, 22 februarie a.c., de c\u0103tre ministrul Justi\u021biei, Administra\u021bia Preziden\u021bial\u0103 face urm\u0103toarele preciz\u0103ri:<\/p>\n<p>Din cauza lipsei de claritate \u00een prezentarea Raportului privind activitatea managerial\u0103 a DNA \u0219i av\u00e2nd \u00een vedere c\u0103 evaluarea activit\u0103\u021bii DNA \u0219i a conducerii acestei institu\u021bii de c\u0103tre Pre\u0219edintele Rom\u00e2niei difer\u0103 de cea a Ministrului Justi\u021biei, se impune o analiz\u0103 aprofundat\u0103 a acestui document, care urmeaz\u0103 s\u0103 fie realizat\u0103 la nivelul Administra\u021biei Preziden\u021biale de c\u0103tre departamentele de specialitate. \u00cen repetate r\u00e2nduri, Pre\u0219edintele Rom\u00e2niei, domnul Klaus Iohannis, s-a declarat mul\u021bumit de activitatea DNA \u0219i a conducerii sale, punct de vedere pe care \u0219i-l men\u021bine \u00een continuare.<\/p>\n<p>Pre\u0219edintele Rom\u00e2niei, domnul Klaus Iohannis, va uza de toate prerogativele constitu\u021bionale pentru asigurarea func\u021bion\u0103rii unei justi\u021bii independente \u0219i pentru consolidarea statului de drept,\u00a0se afirm\u0103 \u00een comunicatul postat pe site-ul Pre\u015fedin\u0163iei Rom\u00e2niei<\/p>\n<p>Conform procedurii de revocare a Procurorului \u015eef al DNA, Pre\u015fedintele Rom\u00e2niei este cel care va lua decizia dac\u0103 o va demite sau nu pe Laura Codru\u0163a Kovesi.<br \/>\n(function(d,s,id){var js,fjs=d.getElementsByTagName(s)[0];if(d.getElementById(id))return;js=d.createElement(s);js.id=id;js.src=&#8217;https:\/\/embed.playbuzz.com\/sdk.js&#8217;;fjs.parentNode.insertBefore(js,fjs);}(document,&#8217;script&#8217;,&#8217;playbuzz-sdk&#8217;));<\/p>\n<p>\u00a0\n<\/p><\/div>\n<p> Source URL: https:\/\/observatornews.ro\/politic\/klaus-iohannis-reactie-revocare-kovesi-242782.html<\/p>\n","protected":false},"excerpt":{"rendered":"<p>Klaus Iohannis a reac\u0163ionat la anun\u0163ul lui Tudorel Toader, de a declan\u015fa procedura de demitere a \u015fefei DNA. Klaus Iohannis a reac\u0163ionat la anun\u0163ul lui Tudorel Toader, de a declan\u015fa procedura de demitere a \u015fefei DNA. Pre\u015fedintele Rom\u00e2niei \u015fi-a exprimat pozi\u0163ia \u00eentr-un comunicat. Reac\u0163ia lui Klaus Iohannis\u00a0a venit la nici o or\u0103 dup\u0103 ce Tudorel [&hellip;]<\/p>\n","protected":false},"author":1,"featured_media":342867,"comment_status":"open","ping_status":"","sticky":false,"template":"","format":"standard","meta":{"footnotes":""},"categories":[2],"tags":[30],"class_list":["post-342866","post","type-post","status-publish","format-standard","has-post-thumbnail","hentry","category-politics","tag-observatornews-ro"],"_links":{"self":[{"href":"https:\/\/analyse.optim.biz\/index.php?rest_route=\/wp\/v2\/posts\/342866","targetHints":{"allow":["GET"]}}],"collection":[{"href":"https:\/\/analyse.optim.biz\/index.php?rest_route=\/wp\/v2\/posts"}],"about":[{"href":"https:\/\/analyse.optim.biz\/index.php?rest_route=\/wp\/v2\/types\/post"}],"author":[{"embeddable":true,"href":"https:\/\/analyse.optim.biz\/index.php?rest_route=\/wp\/v2\/users\/1"}],"replies":[{"embeddable":true,"href":"https:\/\/analyse.optim.biz\/index.php?rest_route=%2Fwp%2Fv2%2Fcomments&post=342866"}],"version-history":[{"count":0,"href":"https:\/\/analyse.optim.biz\/index.php?rest_route=\/wp\/v2\/posts\/342866\/revisions"}],"wp:featuredmedia":[{"embeddable":true,"href":"https:\/\/analyse.optim.biz\/index.php?rest_route=\/wp\/v2\/media\/342867"}],"wp:attachment":[{"href":"https:\/\/analyse.optim.biz\/index.php?rest_route=%2Fwp%2Fv2%2Fmedia&parent=342866"}],"wp:term":[{"taxonomy":"category","embeddable":true,"href":"https:\/\/analyse.optim.biz\/index.php?rest_route=%2Fwp%2Fv2%2Fcategories&post=342866"},{"taxonomy":"post_tag","embeddable":true,"href":"https:\/\/analyse.optim.biz\/index.php?rest_route=%2Fwp%2Fv2%2Ftags&post=342866"}],"curies":[{"name":"wp","href":"https:\/\/api.w.org\/{rel}","templated":true}]}}