{"id":342864,"date":"2018-02-22T18:27:00","date_gmt":"2018-02-22T15:27:00","guid":{"rendered":"https:\/\/analyse.optim.biz\/?p=342864"},"modified":"2018-02-22T18:27:00","modified_gmt":"2018-02-22T15:27:00","slug":"procurorul-general-al-romaniei-ia-apararea-sefei-dna-dupa-anuntul-lui-tudorel-toader","status":"publish","type":"post","link":"https:\/\/analyse.optim.biz\/?p=342864","title":{"rendered":"Procurorul General al Rom\u00e2niei ia ap\u0103rarea \u015eefei DNA dup\u0103 anun\u0163ul lui Tudorel Toader"},"content":{"rendered":"<div class=\"description\" data-key=\"description\">Procurorul General al Rom\u00e2niei a reac\u0163ionat la anun\u0163ul f\u0103cut de Ministrul Justi\u0163iei, Tudorel Toader, de a declan\u015fa procedura de demitere a \u015fefei DNA.<\/div>\n<div class=\"articleBody\" data-key=\"articleBody\">Procurorul General al Rom\u00e2niei a reac\u0163ionat la anun\u0163ul f\u0103cut de Ministrul Justi\u0163iei, Tudorel Toader, de a declan\u015fa procedura de demitere a \u015fefei DNA. Augustin Laz\u0103r a luat ap\u0103rarea Laurei Codru\u0163a Kovesi.<\/p>\n<p>Procurorul General al Rom\u00e2niei a reac\u0163ionat printr-o postare pe Facebook. Pozi\u0163ia sa a fost categoric\u0103:<\/p>\n<p>INFORMARESet\u0103rile tale privind cookie-urile nu permit afi\u0219area con\u021binutului din aceast\u0103 zon\u0103. E necesar s\u0103 accep\u021bi cookie-urile social media pentru afisarea acestui tip de con\u021binut. Modific\u0103 set\u0103rile<\/p>\n<p>Mesajul lui Augustin Laz\u0103r vine la scurt timp dup\u0103 ce \u015fi Pre\u015fedintele Klaus Iohannis a reac\u0163ionat, \u00eentr-un comunicat, la decizia lui Tudorel Toader. Ministrul Justi\u0163iei a anun\u0163at c\u0103 a declan\u015fat procedura de revocare a Procurorului \u015eef al DNA la finalul prezent\u0103rii raportului privind activitatea Laurei Codru\u0163a Kovesi.<br \/>\n(function(d,s,id){var js,fjs=d.getElementsByTagName(s)[0];if(d.getElementById(id))return;js=d.createElement(s);js.id=id;js.src=&#8217;https:\/\/embed.playbuzz.com\/sdk.js&#8217;;fjs.parentNode.insertBefore(js,fjs);}(document,&#8217;script&#8217;,&#8217;playbuzz-sdk&#8217;));<\/p>\n<p>\u00a0\n<\/p><\/div>\n<p> Source URL: https:\/\/observatornews.ro\/politic\/procurorul-general-apara-sefa-dna-242783.html<\/p>\n","protected":false},"excerpt":{"rendered":"<p>Procurorul General al Rom\u00e2niei a reac\u0163ionat la anun\u0163ul f\u0103cut de Ministrul Justi\u0163iei, Tudorel Toader, de a declan\u015fa procedura de demitere a \u015fefei DNA. Procurorul General al Rom\u00e2niei a reac\u0163ionat la anun\u0163ul f\u0103cut de Ministrul Justi\u0163iei, Tudorel Toader, de a declan\u015fa procedura de demitere a \u015fefei DNA. Augustin Laz\u0103r a luat ap\u0103rarea Laurei Codru\u0163a Kovesi. Procurorul [&hellip;]<\/p>\n","protected":false},"author":1,"featured_media":342865,"comment_status":"open","ping_status":"","sticky":false,"template":"","format":"standard","meta":{"footnotes":""},"categories":[2],"tags":[30],"class_list":["post-342864","post","type-post","status-publish","format-standard","has-post-thumbnail","hentry","category-politics","tag-observatornews-ro"],"_links":{"self":[{"href":"https:\/\/analyse.optim.biz\/index.php?rest_route=\/wp\/v2\/posts\/342864","targetHints":{"allow":["GET"]}}],"collection":[{"href":"https:\/\/analyse.optim.biz\/index.php?rest_route=\/wp\/v2\/posts"}],"about":[{"href":"https:\/\/analyse.optim.biz\/index.php?rest_route=\/wp\/v2\/types\/post"}],"author":[{"embeddable":true,"href":"https:\/\/analyse.optim.biz\/index.php?rest_route=\/wp\/v2\/users\/1"}],"replies":[{"embeddable":true,"href":"https:\/\/analyse.optim.biz\/index.php?rest_route=%2Fwp%2Fv2%2Fcomments&post=342864"}],"version-history":[{"count":0,"href":"https:\/\/analyse.optim.biz\/index.php?rest_route=\/wp\/v2\/posts\/342864\/revisions"}],"wp:featuredmedia":[{"embeddable":true,"href":"https:\/\/analyse.optim.biz\/index.php?rest_route=\/wp\/v2\/media\/342865"}],"wp:attachment":[{"href":"https:\/\/analyse.optim.biz\/index.php?rest_route=%2Fwp%2Fv2%2Fmedia&parent=342864"}],"wp:term":[{"taxonomy":"category","embeddable":true,"href":"https:\/\/analyse.optim.biz\/index.php?rest_route=%2Fwp%2Fv2%2Fcategories&post=342864"},{"taxonomy":"post_tag","embeddable":true,"href":"https:\/\/analyse.optim.biz\/index.php?rest_route=%2Fwp%2Fv2%2Ftags&post=342864"}],"curies":[{"name":"wp","href":"https:\/\/api.w.org\/{rel}","templated":true}]}}