{"id":341833,"date":"2018-03-06T14:11:18","date_gmt":"2018-03-06T11:11:18","guid":{"rendered":"https:\/\/analyse.optim.biz\/?p=341833"},"modified":"2018-03-06T14:11:18","modified_gmt":"2018-03-06T11:11:18","slug":"primarul-timisoarei-a-ajuns-sa-vorbeasca-intr-o-sala-goala-dupa-ce-jurnalistii-i-au-boicotat-conferinta-de-presa","status":"publish","type":"post","link":"https:\/\/analyse.optim.biz\/?p=341833","title":{"rendered":"Primarul Timi\u015foarei a ajuns s\u0103 vorbeasc\u0103 \u00eentr-o sal\u0103 goal\u0103, dup\u0103 ce jurnali\u015ftii i-au boicotat conferin\u0163a de pres\u0103"},"content":{"rendered":"<div class=\"description\" data-key=\"description\">Jurnali\u015ftii timi\u015foreni au p\u0103r\u0103sit o conferin\u0163\u0103 de pres\u0103, dup\u0103 ce au fost jigni\u0163i de primarul ora\u015fului, Nicolae Robu.<\/div>\n<div class=\"articleBody\" data-key=\"articleBody\">Primarul ora\u015fului Timi\u015foara a ajuns celebru \u00een toat\u0103 lumea! \u015ei nu pentru c\u0103 este edilul unei localit\u0103\u0163i care &#8211; peste 3 ani &#8211; va deveni capital\u0103 cultural\u0103 european\u0103. Nicolae Robu a devenit faimos pentru comportamentul s\u0103u inadecvat func\u0163iei pe care o ocup\u0103. A\u015fa a ajuns \u00een conflict direct cu jurnali\u015ftii locali care, dup\u0103 ce au fost jigni\u0163i de Robu, i-au boicotat conferin\u0163a de pres\u0103 de ast\u0103zi.\n<\/div>\n<p> Source URL: https:\/\/observatornews.ro\/politic\/jurnalisti-timisoara-boicot-conferinta-robu-244198.html<\/p>\n","protected":false},"excerpt":{"rendered":"<p>Jurnali\u015ftii timi\u015foreni au p\u0103r\u0103sit o conferin\u0163\u0103 de pres\u0103, dup\u0103 ce au fost jigni\u0163i de primarul ora\u015fului, Nicolae Robu. Primarul ora\u015fului Timi\u015foara a ajuns celebru \u00een toat\u0103 lumea! \u015ei nu pentru c\u0103 este edilul unei localit\u0103\u0163i care &#8211; peste 3 ani &#8211; va deveni capital\u0103 cultural\u0103 european\u0103. Nicolae Robu a devenit faimos pentru comportamentul s\u0103u inadecvat [&hellip;]<\/p>\n","protected":false},"author":1,"featured_media":341834,"comment_status":"open","ping_status":"","sticky":false,"template":"","format":"standard","meta":{"footnotes":""},"categories":[2],"tags":[30],"class_list":["post-341833","post","type-post","status-publish","format-standard","has-post-thumbnail","hentry","category-politics","tag-observatornews-ro"],"_links":{"self":[{"href":"https:\/\/analyse.optim.biz\/index.php?rest_route=\/wp\/v2\/posts\/341833","targetHints":{"allow":["GET"]}}],"collection":[{"href":"https:\/\/analyse.optim.biz\/index.php?rest_route=\/wp\/v2\/posts"}],"about":[{"href":"https:\/\/analyse.optim.biz\/index.php?rest_route=\/wp\/v2\/types\/post"}],"author":[{"embeddable":true,"href":"https:\/\/analyse.optim.biz\/index.php?rest_route=\/wp\/v2\/users\/1"}],"replies":[{"embeddable":true,"href":"https:\/\/analyse.optim.biz\/index.php?rest_route=%2Fwp%2Fv2%2Fcomments&post=341833"}],"version-history":[{"count":0,"href":"https:\/\/analyse.optim.biz\/index.php?rest_route=\/wp\/v2\/posts\/341833\/revisions"}],"wp:featuredmedia":[{"embeddable":true,"href":"https:\/\/analyse.optim.biz\/index.php?rest_route=\/wp\/v2\/media\/341834"}],"wp:attachment":[{"href":"https:\/\/analyse.optim.biz\/index.php?rest_route=%2Fwp%2Fv2%2Fmedia&parent=341833"}],"wp:term":[{"taxonomy":"category","embeddable":true,"href":"https:\/\/analyse.optim.biz\/index.php?rest_route=%2Fwp%2Fv2%2Fcategories&post=341833"},{"taxonomy":"post_tag","embeddable":true,"href":"https:\/\/analyse.optim.biz\/index.php?rest_route=%2Fwp%2Fv2%2Ftags&post=341833"}],"curies":[{"name":"wp","href":"https:\/\/api.w.org\/{rel}","templated":true}]}}