{"id":341831,"date":"2018-03-06T15:55:00","date_gmt":"2018-03-06T12:55:00","guid":{"rendered":"https:\/\/analyse.optim.biz\/?p=341831"},"modified":"2018-03-06T15:55:00","modified_gmt":"2018-03-06T12:55:00","slug":"propunerea-usr-de-audiere-a-lui-dragnea-in-comisia-sri-pe-20-martie-respinsa","status":"publish","type":"post","link":"https:\/\/analyse.optim.biz\/?p=341831","title":{"rendered":"Propunerea USR de audiere a lui Dragnea \u00een Comisia SRI pe 20 martie, respins\u0103"},"content":{"rendered":"<div class=\"description\" data-key=\"description\">USR a cerut mar\u0163i, \u00een cadrul Comisiei de control al activit\u0103\u0163ii SRI, ca pre\u015fedintele PSD, Liviu Dragnea, s\u0103 fie audiat \u00een 20 martie, dar cererea a fost respins\u0103<\/div>\n<div class=\"articleBody\" data-key=\"articleBody\">USR a cerut mar\u0163i, \u00een cadrul Comisiei de control al activit\u0103\u0163ii SRI, ca pre\u015fedintele PSD, Liviu Dragnea, s\u0103 fie audiat \u00een 20 martie, dar cererea a fost respins\u0103, dup\u0103 ce reprezentan\u0163ii PSD-ALDE \u00een comisie au votat \u00eempotriv\u0103.<\/p>\n<p>Vicepre\u015fedintele comisiei, deputatul ALDE Marian Cuc\u015fa, a declarat c\u0103 audierea lui Liviu Dragnea a fost cerut\u0103 de deputatul USR Lucian Viziteu.<\/p>\n<p>Deputatul Lucian Viziteu a spus c\u0103 refuzul celor din PSD-ALDE de a-l audia pe Liviu Dragnea vine dup\u0103 ce ace\u015ftia au am\u00e2nat \u015fi audierea fostului prim-adjunct al \u015fefului SRI, Florian Coldea, pentru o dat\u0103 ulterioar\u0103 Congresului PSD din 10 martie.<\/p>\n<p>\u201eRefuzul de a-l audia pe domnul Dragnea vine \u00een condi\u0163iile \u00een care parlamentarii PSD-ALDE au am\u00e2nat \u015fi audierea domnului Coldea, pentru o dat\u0103 ulterioar\u0103 Congresului PSD. Pesedi\u015ftii sunt at\u00e2t de dispera\u0163i s\u0103-l serveasc\u0103 pe domnul Dragnea, \u00eenc\u00e2t prefer\u0103 s\u0103 se fac\u0103 de r\u00e2s \u00een spa\u0163iul public, cu afirma\u0163ii mincinoase, dec\u00e2t s\u0103 ri\u015fte c\u0103 domnul Coldea s\u0103 fie audiat \u00eenainte de Congresul PSD. Mai precis, au anun\u0163at public c\u0103 generalul Coldea este r\u0103cit \u015fi c\u0103 ar fi solicitat s\u0103 nu vina la audieri, declara\u0163ie contestat\u0103 chiar de fostul adjunct al Serviciului Rom\u00e2n de Informa\u0163ii\u201d, a scris Lucian Viziteu pe contul s\u0103u de Facebook.<\/p>\n<p>Deputatul USR sus\u0163ine c\u0103 Liviu Dragnea se teme c\u0103 Florian Coldea va oferi mai multe informa\u0163ii despre \u00eent\u00e2lnirile sale private cu \u015fefii serviciilor secrete.<\/p>\n<p>&#8220;\u00cen acest moment este evident c\u0103 domnul Dragnea se teme c\u0103 generalul Coldea ar putea oferi \u015fi mai multe informa\u0163ii clare despre \u00eent\u00e2lnirile private ale liderului PSD cu \u015fefii de servicii secrete din Rom\u00e2nia, evenimente confirmate deja din mai multe surse, inclusiv de George Maior, fostul director al SRI. Evenimentele recente \u00eent\u0103resc ideea c\u0103 scopul Comisiei SRI a fost deturnat \u015fi c\u0103 \u00een prezent singur\u0103 miz\u0103 a celor care conduc comisia este s\u0103 protejeze imaginea domnului Dragnea \u015fi a PSD. Majoritatea din PSD \u015fi ALDE arunc\u0103 \u00een aer nu doar activitatea acestei institu\u0163ii, ci chiar \u015fi imaginea ofi\u0163erilor Serviciului Rom\u00e2n de Informa\u0163ii, despre care ei afirm\u0103 c\u0103 nu pot ajunge la audieri pentru c\u0103 sunt &lt;&lt;putin raciti&gt;&gt;. Dup\u0103 aproape un an de activitate \u00een aceast\u0103 comisie, pot confirm\u0103 faptul c\u0103 domnul Manda \u015fi ceilal\u0163i reprezentan\u0163i ai PSD \u015fi ALDE nu doresc \u00een niciun caz clarificarea unor chestiuni majore, ci mai degrab\u0103 vor s\u0103 amplifice suspiciunile \u015fi s\u0103 induc\u0103 ne\u00eencredere \u00een activitatea Serviciului Rom\u00e2n de Informa\u0163ii,&#8221; mai spune acesta.<\/p>\n<p>Pre\u015fedintele Comisiei de control al activit\u0103\u0163ii SRI, senatorul PSD Claudiu Manda, a anun\u0163at luni c\u0103 audierea fostului prim-adjunct al directorului Serviciului, Florian Coldea, care ar fi trebuit s\u0103 aib\u0103 loc mar\u0163i, se am\u00e2n\u0103 cu o s\u0103pt\u0103m\u00e2n\u0103, deoarece acesta a anun\u0163at c\u0103 este r\u0103cit.<\/p>\n<p>\u00cen cadrul comisiei au fost audia\u0163i p\u00e2n\u0103 acum pre\u015fedintele Senatului, C\u0103lin Popescu T\u0103riceanu, fostul \u015fef al SRI, actual ambasador \u00een Statele Unite, George Maior, urm\u00e2nd ca Florian Coldea \u015fi Traian B\u0103sescu s\u0103 fie \u015fi ei invita\u0163i \u00een fa\u0163a comisiei.<\/p>\n<p>Surs\u0103: News.ro\n<\/p><\/div>\n<p> Source URL: https:\/\/observatornews.ro\/politic\/propunere-usr-audiere-dragnea-respinsa-244218.html<\/p>\n","protected":false},"excerpt":{"rendered":"<p>USR a cerut mar\u0163i, \u00een cadrul Comisiei de control al activit\u0103\u0163ii SRI, ca pre\u015fedintele PSD, Liviu Dragnea, s\u0103 fie audiat \u00een 20 martie, dar cererea a fost respins\u0103 USR a cerut mar\u0163i, \u00een cadrul Comisiei de control al activit\u0103\u0163ii SRI, ca pre\u015fedintele PSD, Liviu Dragnea, s\u0103 fie audiat \u00een 20 martie, dar cererea a fost [&hellip;]<\/p>\n","protected":false},"author":1,"featured_media":341832,"comment_status":"open","ping_status":"","sticky":false,"template":"","format":"standard","meta":{"footnotes":""},"categories":[2],"tags":[30],"class_list":["post-341831","post","type-post","status-publish","format-standard","has-post-thumbnail","hentry","category-politics","tag-observatornews-ro"],"_links":{"self":[{"href":"https:\/\/analyse.optim.biz\/index.php?rest_route=\/wp\/v2\/posts\/341831","targetHints":{"allow":["GET"]}}],"collection":[{"href":"https:\/\/analyse.optim.biz\/index.php?rest_route=\/wp\/v2\/posts"}],"about":[{"href":"https:\/\/analyse.optim.biz\/index.php?rest_route=\/wp\/v2\/types\/post"}],"author":[{"embeddable":true,"href":"https:\/\/analyse.optim.biz\/index.php?rest_route=\/wp\/v2\/users\/1"}],"replies":[{"embeddable":true,"href":"https:\/\/analyse.optim.biz\/index.php?rest_route=%2Fwp%2Fv2%2Fcomments&post=341831"}],"version-history":[{"count":0,"href":"https:\/\/analyse.optim.biz\/index.php?rest_route=\/wp\/v2\/posts\/341831\/revisions"}],"wp:featuredmedia":[{"embeddable":true,"href":"https:\/\/analyse.optim.biz\/index.php?rest_route=\/wp\/v2\/media\/341832"}],"wp:attachment":[{"href":"https:\/\/analyse.optim.biz\/index.php?rest_route=%2Fwp%2Fv2%2Fmedia&parent=341831"}],"wp:term":[{"taxonomy":"category","embeddable":true,"href":"https:\/\/analyse.optim.biz\/index.php?rest_route=%2Fwp%2Fv2%2Fcategories&post=341831"},{"taxonomy":"post_tag","embeddable":true,"href":"https:\/\/analyse.optim.biz\/index.php?rest_route=%2Fwp%2Fv2%2Ftags&post=341831"}],"curies":[{"name":"wp","href":"https:\/\/api.w.org\/{rel}","templated":true}]}}