{"id":341829,"date":"2018-03-06T17:23:10","date_gmt":"2018-03-06T14:23:10","guid":{"rendered":"https:\/\/analyse.optim.biz\/?p=341829"},"modified":"2018-03-06T17:23:10","modified_gmt":"2018-03-06T14:23:10","slug":"fierb-apele-in-psd-in-asteptarea-congresului-partidului-opt-femei-au-sansa-sa-devina-vicepresedinti","status":"publish","type":"post","link":"https:\/\/analyse.optim.biz\/?p=341829","title":{"rendered":"Fierb apele \u00een PSD, \u00een a\u015fteptarea congresului partidului! Opt femei au \u015fansa s\u0103 devin\u0103 vicepre\u015fedin\u0163i"},"content":{"rendered":"<div class=\"description\" data-key=\"description\">Fierb apele \u00een PSD, \u00een a\u015fteptarea congresului partidului, care va alea loc s\u00e2mb\u0103t\u0103. Opt femei au \u015fansa s\u0103 devin\u0103 vicepre\u015fedin\u0163i.<\/div>\n<div class=\"articleBody\" data-key=\"articleBody\">Fierb apele \u00een PSD, \u00een a\u015fteptarea congresului partidului, care va alea loc s\u00e2mb\u0103t\u0103. Opt femei au \u015fansa s\u0103 devin\u0103 vicepre\u015fedin\u0163i, dup\u0103 ce Liviu Dragnea a propus \u00eenfiin\u0163area acestor func\u0163ii speciale pentru colege, astfel \u00eenc\u00e2t s\u0103 se al\u0103ture altor opt vicepre\u015fedin\u0163i b\u0103rba\u0163i, iar conducerea s\u0103 fie echilibrat\u0103. <\/p>\n<p>Primarul Capitalei, Gabriela Firea, se num\u0103r\u0103 printre propuneri, al\u0103turi de actuali mini\u015ftri, cum sunt Carmen Dan, de la Interne, \u015fi Olgu\u0163a Vasilescu, de la Munc\u0103.\u00a0\n<\/p><\/div>\n<p> Source URL: https:\/\/observatornews.ro\/politic\/fierb-apele-in-psd-in-asteptarea-congresului-partidului-opt-femei-au-sansa-sa-devina-vicepresedinti-244232.html<\/p>\n","protected":false},"excerpt":{"rendered":"<p>Fierb apele \u00een PSD, \u00een a\u015fteptarea congresului partidului, care va alea loc s\u00e2mb\u0103t\u0103. Opt femei au \u015fansa s\u0103 devin\u0103 vicepre\u015fedin\u0163i. Fierb apele \u00een PSD, \u00een a\u015fteptarea congresului partidului, care va alea loc s\u00e2mb\u0103t\u0103. Opt femei au \u015fansa s\u0103 devin\u0103 vicepre\u015fedin\u0163i, dup\u0103 ce Liviu Dragnea a propus \u00eenfiin\u0163area acestor func\u0163ii speciale pentru colege, astfel \u00eenc\u00e2t s\u0103 [&hellip;]<\/p>\n","protected":false},"author":1,"featured_media":341830,"comment_status":"open","ping_status":"","sticky":false,"template":"","format":"standard","meta":{"footnotes":""},"categories":[2],"tags":[30],"class_list":["post-341829","post","type-post","status-publish","format-standard","has-post-thumbnail","hentry","category-politics","tag-observatornews-ro"],"_links":{"self":[{"href":"https:\/\/analyse.optim.biz\/index.php?rest_route=\/wp\/v2\/posts\/341829","targetHints":{"allow":["GET"]}}],"collection":[{"href":"https:\/\/analyse.optim.biz\/index.php?rest_route=\/wp\/v2\/posts"}],"about":[{"href":"https:\/\/analyse.optim.biz\/index.php?rest_route=\/wp\/v2\/types\/post"}],"author":[{"embeddable":true,"href":"https:\/\/analyse.optim.biz\/index.php?rest_route=\/wp\/v2\/users\/1"}],"replies":[{"embeddable":true,"href":"https:\/\/analyse.optim.biz\/index.php?rest_route=%2Fwp%2Fv2%2Fcomments&post=341829"}],"version-history":[{"count":0,"href":"https:\/\/analyse.optim.biz\/index.php?rest_route=\/wp\/v2\/posts\/341829\/revisions"}],"wp:featuredmedia":[{"embeddable":true,"href":"https:\/\/analyse.optim.biz\/index.php?rest_route=\/wp\/v2\/media\/341830"}],"wp:attachment":[{"href":"https:\/\/analyse.optim.biz\/index.php?rest_route=%2Fwp%2Fv2%2Fmedia&parent=341829"}],"wp:term":[{"taxonomy":"category","embeddable":true,"href":"https:\/\/analyse.optim.biz\/index.php?rest_route=%2Fwp%2Fv2%2Fcategories&post=341829"},{"taxonomy":"post_tag","embeddable":true,"href":"https:\/\/analyse.optim.biz\/index.php?rest_route=%2Fwp%2Fv2%2Ftags&post=341829"}],"curies":[{"name":"wp","href":"https:\/\/api.w.org\/{rel}","templated":true}]}}