{"id":341827,"date":"2018-03-07T05:11:00","date_gmt":"2018-03-07T02:11:00","guid":{"rendered":"https:\/\/analyse.optim.biz\/?p=341827"},"modified":"2018-03-07T05:11:00","modified_gmt":"2018-03-07T02:11:00","slug":"augustin-lazar-face-sedinta-de-bilant-la-ministerul-public-in-prezenta-lui-klaus-iohannis","status":"publish","type":"post","link":"https:\/\/analyse.optim.biz\/?p=341827","title":{"rendered":"Augustin Laz\u0103r face \u015fedin\u0163\u0103 de bilan\u0163 la Ministerul Public, \u00een prezen\u0163a lui Klaus Iohannis"},"content":{"rendered":"<div class=\"description\" data-key=\"description\">Augustin Laz\u0103r prezint\u0103 bilan\u0163ul de activitate pe 2017 a Ministerului Public, \u00een prezen\u0163a pre\u015fedintelui Klaus Iohannis.<\/div>\n<div class=\"articleBody\" data-key=\"articleBody\">Ministerul Public \u00ee\u015fi prezint\u0103 miercuri bilan\u0163ul de activitate pe 2017, \u00een prezen\u0163a pre\u015fedintelui Klaus Iohannis. La precedentul bilan\u0163 al institu\u0163iei, \u015feful statului a l\u0103udat activitatea Ministerului Public \u00een anul 2016, afirm\u00e2nd c\u0103 a contribuit la restabilirea \u00eencrederii cet\u0103\u0163enilor \u00een justi\u0163ie, dar a atras aten\u0163ia c\u0103 procurorii trebuie s\u0103 r\u0103m\u00e2n\u0103 &#8220;loiali&#8221; normei potrivit c\u0103reia nimeni nu este mai presus de lege \u015fi trebuie s\u0103 respecte libert\u0103\u0163ile \u015fi drepturile cet\u0103\u0163enilor.<\/p>\n<p>Tot atunci, pre\u015fedintele spunea c\u0103 a\u015fteapt\u0103, &#8220;ca \u015fi societatea rom\u00e2neasc\u0103, finalizarea anchetelor privind Revolu\u0163ia \u015fi Mineriada, a\u015fa cum scrie la carte: prin decizii clare \u015fi c\u00e2t mai rapide, temeinice \u015fi legale&#8221;. S\u0103pt\u0103m\u00e2na trecut\u0103, la bilan\u0163ul DNA, Iohannis a subliniat c\u0103 asist\u0103m la manifest\u0103ri virulente ale disper\u0103rii \u00een \u00eencercarea clar\u0103 de a subordona justi\u0163ia politicului \u015fi c\u0103 integritatea magistra\u0163ilor trebuie s\u0103 r\u0103m\u00e2n\u0103 standard de referin\u0163\u0103 pentru societate.<\/p>\n<p>Prezentarea bilan\u0163ului va avea loc \u00eencep\u00e2nd cu ora 11.00, la Cercul Militar Na\u0163ional.<\/p>\n<p>&#8220;Rom\u00e2nii devin tot mai vigilen\u0163i la abaterile de la ordinea de drept, dar \u015fi mai hot\u0103r\u00e2\u0163i s\u0103 \u00ee\u015fi apere drepturile \u015fi libert\u0103\u0163ile, aspecte str\u00e2ns legate \u015fi de percep\u0163ia asupra corup\u0163iei. Faptul c\u0103, la nivelul unei tot mai largi p\u0103r\u0163i a societ\u0103\u0163ii, aceste principii se transpun \u00een mod de via\u0163\u0103 \u00eenseamn\u0103 c\u0103 a\u015ftept\u0103rile publice de la toate componentele sistemului judiciar sunt din ce \u00een ce mai mari. Cu at\u00e2t mai important este ca dumneavoastr\u0103 s\u0103 r\u0103m\u00e2ne\u0163i loiali normei constitu\u0163ionale \u00abNimeni nu este mai presus de lege\u00bb \u015fi s\u0103 v\u0103 exercita\u0163i atribu\u0163iile cu obiectivitate, f\u0103r\u0103 a fi influen\u0163a\u0163i de calitatea persoanei cercetate sau de apartenen\u0163a ei politic\u0103 ori de alt\u0103 natur\u0103&#8221;, declara Iohannis \u00een urm\u0103 cu un an.<\/p>\n<p>El a subliniat atunci c\u0103 &#8220;o calitate din ce \u00een ce mai bun\u0103 a actelor de urm\u0103rire penal\u0103 nu va face dec\u00e2t s\u0103 \u00eent\u0103reasc\u0103 \u00eencrederea cet\u0103\u0163enilor \u00een lege \u015fi \u00een justi\u0163ie&#8221;.<\/p>\n<p>Iohannis avertiza c\u0103 exist\u0103 &#8220;\u00eencerc\u0103ri de a reveni la situa\u0163ii anterioare reformei, punerea sub semnul \u00eentreb\u0103rii a autorit\u0103\u0163ii hot\u0103r\u00e2rilor judec\u0103tore\u015fti sau a independen\u0163ei magistra\u0163ilor nu fac dec\u00e2t s\u0103 \u00eencetineasc\u0103 acest progres \u015fi s\u0103 afecteze direct Rom\u00e2nia&#8221; \u015fi nota c\u0103 atacurile la adresa procurorilor \u015fi judec\u0103torilor au cunoscut o cre\u015ftere \u00eengrijor\u0103toare, motiv pentru care &#8220;ap\u0103rarea independen\u0163ei \u015fi impar\u0163ialit\u0103\u0163ii sistemului judiciar, precum \u015fi a reputa\u0163iei profesionale a magistra\u0163ilor sunt c\u00e2t se poate de necesare&#8221;.\u00a0<\/p>\n<p>\u00cen aceea\u015fi cheie a fost \u015fi discursul rostit \u00een urm\u0103 cu o s\u0103pt\u0103m\u00e2n\u0103, la bilan\u0163ul DNA,\u00a0unde a afirmat\u00a0c\u0103 asist\u0103m la manifest\u0103ri virulente ale disper\u0103rii \u00een \u00eencercarea clar\u0103 de a subordona justi\u0163ia politicului, \u00een care ni\u015fte inculpa\u0163i \u015fi condamna\u0163i penal s-au unit pentru a-i discredita pe cei care i-au anchetat. Pre\u015fedintele a spus \u00eens\u0103 c\u0103 ace\u015ftia nu au \u015fanse de reu\u015fit\u0103.<\/p>\n<p>\u201dCet\u0103\u0163enii \u00ee\u015fi doresc o Rom\u00e2nie demn\u0103, o justi\u0163ie dreapt\u0103 \u015fi o societate \u00een care cei care se plaseaz\u0103 sau \u00eencearc\u0103 s\u0103 se plasese deasupra legii r\u0103spund pentru faptele lor, indiferent de func\u0163ie, avere sau statut social. \u00cencrederea \u00een justi\u0163ia din Rom\u00e2nia este dat\u0103 de cei care o \u00eensufle\u0163esc. Magistra\u0163ii sunt repere. Integritatea lor trebuie s\u0103 r\u0103m\u00e2n\u0103 standard de referin\u0163\u0103 pentru societate. Abaterile individuale care risc\u0103 s\u0103 afecteze presigiul \u00eentregului corp trebuie comb\u0103tute\u201d, a ad\u0103ugat pre\u015fedintele.<\/p>\n<p>El a ar\u0103tat, de asemenea, c\u0103 incertitudinea generat\u0103 de multiplele modific\u0103ri legislative adoptate de Parlament anul trecut d\u0103uneaz\u0103 grav societ\u0103\u0163ii rom\u00e2ne\u015fti.<\/p>\n<p>\u201dAm deplin\u0103 \u00eencredere c\u0103 institu\u0163iile statului cu atribu\u0163ii \u00een domeniu vor continua s\u0103 se manifeste atunci c\u00e2nd independen\u0163a justi\u0163iei este \u00een pericol. Procesul de transformare democratic\u0103 a unei societ\u0103\u0163i este de durat\u0103. Cred c\u0103 Rom\u00e2nia are nevoie de o lege care s\u0103 pun\u0103 mai mult accent pe m\u0103surile de prevenire a faptelor de corup\u0163ie \u015fi pe educarea rom\u00e2nilor, \u00een special a tinerilor. Prin activitatea sa, DNA a ar\u0103tat c\u0103 principiile statului de drept sunt realit\u0103\u0163i. Ve\u0163i avea \u00een mine un partener \u015fi un sus\u0163in\u0103tor al aplic\u0103rii acestor principii. V\u0103 urez \u00een continuare mult succes\u201d, a \u00eencheiat pre\u015fedintele Iohannis.<\/p>\n<p>La prezentarea bilan\u0163ului DNA nu a participat niciun membru al Guvernului.<\/p>\n<p>Sursa: News.ro\n<\/p><\/div>\n<p> Source URL: https:\/\/observatornews.ro\/politic\/augustin-lazar-sedinta-bilant-minister-public-klaus-iohannis-244257.html<\/p>\n","protected":false},"excerpt":{"rendered":"<p>Augustin Laz\u0103r prezint\u0103 bilan\u0163ul de activitate pe 2017 a Ministerului Public, \u00een prezen\u0163a pre\u015fedintelui Klaus Iohannis. Ministerul Public \u00ee\u015fi prezint\u0103 miercuri bilan\u0163ul de activitate pe 2017, \u00een prezen\u0163a pre\u015fedintelui Klaus Iohannis. La precedentul bilan\u0163 al institu\u0163iei, \u015feful statului a l\u0103udat activitatea Ministerului Public \u00een anul 2016, afirm\u00e2nd c\u0103 a contribuit la restabilirea \u00eencrederii cet\u0103\u0163enilor \u00een [&hellip;]<\/p>\n","protected":false},"author":1,"featured_media":341828,"comment_status":"open","ping_status":"","sticky":false,"template":"","format":"standard","meta":{"footnotes":""},"categories":[2],"tags":[30],"class_list":["post-341827","post","type-post","status-publish","format-standard","has-post-thumbnail","hentry","category-politics","tag-observatornews-ro"],"_links":{"self":[{"href":"https:\/\/analyse.optim.biz\/index.php?rest_route=\/wp\/v2\/posts\/341827","targetHints":{"allow":["GET"]}}],"collection":[{"href":"https:\/\/analyse.optim.biz\/index.php?rest_route=\/wp\/v2\/posts"}],"about":[{"href":"https:\/\/analyse.optim.biz\/index.php?rest_route=\/wp\/v2\/types\/post"}],"author":[{"embeddable":true,"href":"https:\/\/analyse.optim.biz\/index.php?rest_route=\/wp\/v2\/users\/1"}],"replies":[{"embeddable":true,"href":"https:\/\/analyse.optim.biz\/index.php?rest_route=%2Fwp%2Fv2%2Fcomments&post=341827"}],"version-history":[{"count":0,"href":"https:\/\/analyse.optim.biz\/index.php?rest_route=\/wp\/v2\/posts\/341827\/revisions"}],"wp:featuredmedia":[{"embeddable":true,"href":"https:\/\/analyse.optim.biz\/index.php?rest_route=\/wp\/v2\/media\/341828"}],"wp:attachment":[{"href":"https:\/\/analyse.optim.biz\/index.php?rest_route=%2Fwp%2Fv2%2Fmedia&parent=341827"}],"wp:term":[{"taxonomy":"category","embeddable":true,"href":"https:\/\/analyse.optim.biz\/index.php?rest_route=%2Fwp%2Fv2%2Fcategories&post=341827"},{"taxonomy":"post_tag","embeddable":true,"href":"https:\/\/analyse.optim.biz\/index.php?rest_route=%2Fwp%2Fv2%2Ftags&post=341827"}],"curies":[{"name":"wp","href":"https:\/\/api.w.org\/{rel}","templated":true}]}}