{"id":341825,"date":"2018-03-07T10:00:00","date_gmt":"2018-03-07T07:00:00","guid":{"rendered":"https:\/\/analyse.optim.biz\/?p=341825"},"modified":"2018-03-07T10:00:00","modified_gmt":"2018-03-07T07:00:00","slug":"iohannis-mesaj-dur-la-bilantul-ministerului-public-a-devenit-un-obicei-sa-se-dezbata-statutul-procurorilor","status":"publish","type":"post","link":"https:\/\/analyse.optim.biz\/?p=341825","title":{"rendered":"Iohannis, mesaj dur la bilan\u0163ul Ministerului Public: &#8216;A devenit un obicei s\u0103 se dezbat\u0103 statutul procurorilor&#8217;"},"content":{"rendered":"<div class=\"description\" data-key=\"description\">Pre\u015fedintele Klaus Iohannis a declarat, miercuri, c\u0103 \u00een Rom\u00e2nia a devenit un &#8216;obicei&#8217; s\u0103 se dezbat\u0103 statutul procurorilor,<\/div>\n<div class=\"articleBody\" data-key=\"articleBody\">Pre\u015fedintele Klaus Iohannis a declarat c\u0103 a devenit un &#8216;obicei&#8217; \u00een Rom\u00e2nia s\u0103 se dezbat\u0103 statutul procurorilor, sus\u0163in\u00e2nd c\u0103 se face &#8216;\u00een mod deliberat&#8217; o confuzie pentru a se \u00eencerca o sl\u0103bire a independen\u0163ei acestora.<\/p>\n<p>\u00a0 &#8216;A devenit un obicei \u00een Rom\u00e2nia s\u0103 se dezbat\u0103 intens statutul procurorilor, se invoc\u0103 frecvent articolul din Constitu\u0163ie care stabile\u015fte c\u0103 activitatea procurorilor se desf\u0103\u015foar\u0103 sub autoritatea ministrului Justi\u0163iei. Vreau s\u0103 fiu foarte clar &#8211; sintagma din Constitu\u0163ie este sub autoritatea ministrului Justi\u0163iei \u015fi \u00een niciun caz \u00een subordinea ministrului Justi\u0163iei. Se face \u00een mod deliberat aceast\u0103 confuzie. Este doar o \u00eencercare de a sl\u0103bi independen\u0163a procurorilor&#8217;, a sus\u0163inut \u015feful statului, la bilan\u0163ul Ministerului Public pe anul 2017.\u00a0\n<\/p><\/div>\n<p> Source URL: https:\/\/observatornews.ro\/politic\/iohannis-bilant-ministerul-public-244295.html<\/p>\n","protected":false},"excerpt":{"rendered":"<p>Pre\u015fedintele Klaus Iohannis a declarat, miercuri, c\u0103 \u00een Rom\u00e2nia a devenit un &#8216;obicei&#8217; s\u0103 se dezbat\u0103 statutul procurorilor, Pre\u015fedintele Klaus Iohannis a declarat c\u0103 a devenit un &#8216;obicei&#8217; \u00een Rom\u00e2nia s\u0103 se dezbat\u0103 statutul procurorilor, sus\u0163in\u00e2nd c\u0103 se face &#8216;\u00een mod deliberat&#8217; o confuzie pentru a se \u00eencerca o sl\u0103bire a independen\u0163ei acestora. \u00a0 &#8216;A [&hellip;]<\/p>\n","protected":false},"author":1,"featured_media":341826,"comment_status":"open","ping_status":"","sticky":false,"template":"","format":"standard","meta":{"footnotes":""},"categories":[2],"tags":[30],"class_list":["post-341825","post","type-post","status-publish","format-standard","has-post-thumbnail","hentry","category-politics","tag-observatornews-ro"],"_links":{"self":[{"href":"https:\/\/analyse.optim.biz\/index.php?rest_route=\/wp\/v2\/posts\/341825","targetHints":{"allow":["GET"]}}],"collection":[{"href":"https:\/\/analyse.optim.biz\/index.php?rest_route=\/wp\/v2\/posts"}],"about":[{"href":"https:\/\/analyse.optim.biz\/index.php?rest_route=\/wp\/v2\/types\/post"}],"author":[{"embeddable":true,"href":"https:\/\/analyse.optim.biz\/index.php?rest_route=\/wp\/v2\/users\/1"}],"replies":[{"embeddable":true,"href":"https:\/\/analyse.optim.biz\/index.php?rest_route=%2Fwp%2Fv2%2Fcomments&post=341825"}],"version-history":[{"count":0,"href":"https:\/\/analyse.optim.biz\/index.php?rest_route=\/wp\/v2\/posts\/341825\/revisions"}],"wp:featuredmedia":[{"embeddable":true,"href":"https:\/\/analyse.optim.biz\/index.php?rest_route=\/wp\/v2\/media\/341826"}],"wp:attachment":[{"href":"https:\/\/analyse.optim.biz\/index.php?rest_route=%2Fwp%2Fv2%2Fmedia&parent=341825"}],"wp:term":[{"taxonomy":"category","embeddable":true,"href":"https:\/\/analyse.optim.biz\/index.php?rest_route=%2Fwp%2Fv2%2Fcategories&post=341825"},{"taxonomy":"post_tag","embeddable":true,"href":"https:\/\/analyse.optim.biz\/index.php?rest_route=%2Fwp%2Fv2%2Ftags&post=341825"}],"curies":[{"name":"wp","href":"https:\/\/api.w.org\/{rel}","templated":true}]}}