{"id":341742,"date":"2018-03-07T11:37:00","date_gmt":"2018-03-07T08:37:00","guid":{"rendered":"https:\/\/analyse.optim.biz\/?p=341742"},"modified":"2018-03-07T11:37:00","modified_gmt":"2018-03-07T08:37:00","slug":"cristina-tarcea-se-roaga-ca-dosarul-hexi-pharma-sa-nu-ajunga-la-iccj-pentru-ca-nu-e-loc-de-depozitare","status":"publish","type":"post","link":"https:\/\/analyse.optim.biz\/?p=341742","title":{"rendered":"Cristina Tarcea se roag\u0103 ca dosarul Hexi Pharma s\u0103 nu ajung\u0103 la \u00ceCCJ pentru c\u0103 nu e loc de depozitare"},"content":{"rendered":"<div class=\"description\" data-key=\"description\">Pre\u015fedintele \u00cenaltei Cur\u0163i de Casa\u0163ie \u015fi Justi\u0163ie, Cristina Tarcea, c\u0103 se roag\u0103 ca dosarul &#8216;Hexi Pharma&#8217; s\u0103 nu ajung\u0103 destul de cur\u00e2nd la aceast\u0103 instan\u0163\u0103.<\/div>\n<div class=\"articleBody\" data-key=\"articleBody\">Pre\u015fedintele \u00cenaltei Cur\u0163i de Casa\u0163ie \u015fi Justi\u0163ie, Cristina Tarcea, a afirmat, la prezentarea bilan\u0163ului Ministerului Public pe anul 2017, c\u0103 se roag\u0103 ca dosarul &#8216;Hexi Pharma&#8217; s\u0103 nu ajung\u0103 destul de cur\u00e2nd la aceast\u0103 instan\u0163\u0103, pentru c\u0103 nu are unde s\u0103-l depoziteze.<\/p>\n<p>\u00a0 \u00a0&#8216;Dar, din p\u0103cate, nu pot s\u0103 nu remarc faptul c\u0103 Justi\u0163ia de 28 de ani traverseaz\u0103 perioade interesante, pentru c\u0103, \u015fti\u0163i cu to\u0163ii, din patru \u00een patru ani a \u00eenceput sau s-a finalizat ceea ce, \u00een opinia unora, \u00eenseamn\u0103 reform\u0103 a Justi\u0163iei. Rezultatele? Cred c\u0103 le vede\u0163i cu to\u0163ii. Legi multe, neclare \u015fi imperfecte, instan\u0163e supraaglomerate, lips\u0103 de infrastructur\u0103, sistem haotic al c\u0103ilor de atac, noi coduri, nu a fost scutit\u0103 nicio materie, nici penal\u0103, nici civil\u0103, care au avut drept efect prelungirea, \u00eengreunarea procedurilor, afectarea a ceea ce se cheam\u0103 dreptul la judecat\u0103 \u00eentr-un termen rezonabil \u015fi mai cu seam\u0103 crearea unei noi practici neunitare. V\u0103 m\u0103rturisesc, de\u015fi m\u0103 doare s\u0103 spun asta, c\u0103 pot s\u0103 accept ideea c\u0103 nimeni nu s-a g\u00e2ndit la efortul intens pe care un magistrat \u00eel poate face pentru a lucra \u00een asemenea condi\u0163ii, dar nu pot s\u0103 accept ideea c\u0103 nimeni nu s-a g\u00e2ndit la destinatarul final al oric\u0103rei reforme \u015fi anume &#8211; cet\u0103\u0163eanul. Ascultam ast\u0103zi raportul de activitate, am privit, dar nu neutru, filmul prezentat la final, am constatat faptul c\u0103 a fost finalizat dosarul Hexi Pharma. V\u0103 rog s\u0103 m\u0103 crede\u0163i c\u0103 m\u0103 rog la Dumnezeu ca acest dosar s\u0103 nu vin\u0103, \u00eentr-o form\u0103 sau alta, destul de cur\u00e2nd la \u00cenalta Curte, pentru c\u0103 pur \u015fi simplu \u00cenalta Curte nu are unde s\u0103-l depoziteze&#8217;, a declarat Tarcea.<\/p>\n<p>\u00a0 \u00a0Ea a precizat c\u0103 este o problem\u0103 \u015fi cu dosarul &#8216;Mineriada&#8217;, \u00cenalta Curte neav\u00e2nd o sal\u0103 destul de \u00eenc\u0103p\u0103toare care s\u0103 g\u0103zduie judecarea acestei cauze.<\/p>\n<p>\u00a0 \u00a0&#8216;Am v\u0103zut c\u0103 s-a finalizat dosarul &#8216;Mineriada&#8217;, dosar care a fost trimis \u00een judecat\u0103 la \u00cenalta Curte. \u00cenalta Curte nu are o sal\u0103 \u00een care acest dosar s\u0103 fie judecat. A trebuit s\u0103 \u00eencheiem diferite protocoale cu Curtea Militar\u0103 de Apel &#8211; \u015fi acea sal\u0103 pus\u0103 la dispozi\u0163ie e ne\u00eenc\u0103p\u0103toare &#8211; \u015fi s\u0103 ne rug\u0103m la alte instan\u0163e din Bucure\u015fti pentru a ne g\u0103zdui pentru a judeca acest dosar&#8217;, a explicat pre\u015fedintele instan\u0163ei supreme.\u00a0<\/p>\n<p>Sursa: Agerpres\n<\/p><\/div>\n<p> Source URL: https:\/\/observatornews.ro\/politic\/tarcea-dosar-hexi-pharma-iccj-244313.html<\/p>\n","protected":false},"excerpt":{"rendered":"<p>Pre\u015fedintele \u00cenaltei Cur\u0163i de Casa\u0163ie \u015fi Justi\u0163ie, Cristina Tarcea, c\u0103 se roag\u0103 ca dosarul &#8216;Hexi Pharma&#8217; s\u0103 nu ajung\u0103 destul de cur\u00e2nd la aceast\u0103 instan\u0163\u0103. Pre\u015fedintele \u00cenaltei Cur\u0163i de Casa\u0163ie \u015fi Justi\u0163ie, Cristina Tarcea, a afirmat, la prezentarea bilan\u0163ului Ministerului Public pe anul 2017, c\u0103 se roag\u0103 ca dosarul &#8216;Hexi Pharma&#8217; s\u0103 nu ajung\u0103 destul [&hellip;]<\/p>\n","protected":false},"author":1,"featured_media":0,"comment_status":"open","ping_status":"","sticky":false,"template":"","format":"standard","meta":{"footnotes":""},"categories":[2],"tags":[30],"class_list":["post-341742","post","type-post","status-publish","format-standard","hentry","category-politics","tag-observatornews-ro"],"_links":{"self":[{"href":"https:\/\/analyse.optim.biz\/index.php?rest_route=\/wp\/v2\/posts\/341742","targetHints":{"allow":["GET"]}}],"collection":[{"href":"https:\/\/analyse.optim.biz\/index.php?rest_route=\/wp\/v2\/posts"}],"about":[{"href":"https:\/\/analyse.optim.biz\/index.php?rest_route=\/wp\/v2\/types\/post"}],"author":[{"embeddable":true,"href":"https:\/\/analyse.optim.biz\/index.php?rest_route=\/wp\/v2\/users\/1"}],"replies":[{"embeddable":true,"href":"https:\/\/analyse.optim.biz\/index.php?rest_route=%2Fwp%2Fv2%2Fcomments&post=341742"}],"version-history":[{"count":0,"href":"https:\/\/analyse.optim.biz\/index.php?rest_route=\/wp\/v2\/posts\/341742\/revisions"}],"wp:attachment":[{"href":"https:\/\/analyse.optim.biz\/index.php?rest_route=%2Fwp%2Fv2%2Fmedia&parent=341742"}],"wp:term":[{"taxonomy":"category","embeddable":true,"href":"https:\/\/analyse.optim.biz\/index.php?rest_route=%2Fwp%2Fv2%2Fcategories&post=341742"},{"taxonomy":"post_tag","embeddable":true,"href":"https:\/\/analyse.optim.biz\/index.php?rest_route=%2Fwp%2Fv2%2Ftags&post=341742"}],"curies":[{"name":"wp","href":"https:\/\/api.w.org\/{rel}","templated":true}]}}