{"id":341740,"date":"2018-03-07T12:43:00","date_gmt":"2018-03-07T09:43:00","guid":{"rendered":"https:\/\/analyse.optim.biz\/?p=341740"},"modified":"2018-03-07T12:43:00","modified_gmt":"2018-03-07T09:43:00","slug":"vlad-cosma-a-depus-noi-probe-la-parchetul-general-sunt-si-alte-lucruri-pe-care-nu-le-am-prezentat-public","status":"publish","type":"post","link":"https:\/\/analyse.optim.biz\/?p=341740","title":{"rendered":"Vlad Cosma a depus &#8220;noi probe&#8221; la Parchetul General: &#8220;Sunt \u015fi alte lucruri pe care nu le-am prezentat public&#8221;"},"content":{"rendered":"<div class=\"description\" data-key=\"description\">Fostul deputat PSD Vlad Cosma a afirmat c\u0103 el \u015fi cei implica\u0163i \u00een dezv\u0103luirile pe care le-a f\u0103cut \u00een ultima perioad\u0103 nu au dorit s\u0103 genereze un scandal.<\/div>\n<div class=\"articleBody\" data-key=\"articleBody\">Fostul deputat PSD Vlad Cosma, prezent miercuri la Parchetul instan\u0163ei supreme, unde sus\u0163ine c\u0103 a depus noi probe \u00een sprijinul m\u0103rturiilor pe care le face \u00een fa\u0163a procurorilor cu privire la modul \u00een care se derulau anchetele la DNA Ploie\u015fti, a afirmat c\u0103 el \u015fi cei implica\u0163i \u00een dezv\u0103luirile pe care le-a f\u0103cut \u00een ultima perioad\u0103 nu au dorit s\u0103 genereze un scandal, el spun\u00e2nd c\u0103 mai sunt \u015fi &#8220;alte lucrur&#8221; pe care nu le-a prezentat public.<\/p>\n<p>\u201d\u00cen sensul afirma\u0163ilor pe care le fac \u015fi a pl\u00e2ngerii depuse de fiecare dat\u0103 c\u00e2nd sunt citat aduc probe audio, vdeo \u015fi \u00eenscrisuri. \u015ei ast\u0103zi am depus noi \u00eenscrisuri pentru a sus\u0163ine partea de declara\u0163ie pe care am consemnat-o ast\u0103zi. Fiind o declara\u0163ie foarte lung\u0103, care cred c\u0103 va dura pe parcursul mai multor zile, \u00een func\u0163ie de ce discut\u0103m \u00een ziua respectiv\u0103 aduc \u015fi probele pentru ceea ce se consemneaz\u0103\u201d a spus Vlad Cosma.<\/p>\n<p>Fostul deputat PSD condamnat \u00een prim\u0103 instan\u0163\u0103 la cinci ani de \u00eenchisoare pentru corup\u0163ie a precizat c\u0103 el \u015fi ce &#8220;implica\u0163i\u201d\u00a0\u00a0\u00een dezv\u0103luirile pe care le-a f\u0103cut publice \u00een ultimele s\u0103pt\u0103m\u00e2ni cu privire la presupusele metode de anchet\u0103 folosite de procurorii din DNA Ploie\u015fti nu au vrut s\u0103 genereze un scandal.<\/p>\n<p>&#8220;Dorin\u0163a mea \u015fi a celor implica\u0163i \u015fi a oamenilor care au trecut prin aceste suferin\u0163e nu a fost s\u0103 gener\u0103m un scandal. Dorin\u0163a a fost s\u0103 atragem aten\u0163ia asupra unor nereguli care se \u00eent\u00e2mpl\u0103 de patru ani \u00een jude\u0163ul Prahova, nereguli pe care at\u00e2t eu c\u00e2t \u015fi ceilall\u0163i le-am semnalat \u00eenc\u0103 din anul 2014. V\u0103z\u00e2nd c\u0103 au trecut patru ani \u015fi nimic nu s-a \u00eent\u0103mplat,v\u0103z\u00e2nd c\u0103 \u00een cotninuare domnul Negulescu este procuror, v\u0103z\u00e2nd c\u0103 toate acest dosare merg \u00eenaine \u00een insan\u0163\u0103 \u015fi c\u0103 exista psibilitatea ca oameni nevinova\u0163i s\u0103 fie condamna\u0163i \u00een baza unor probe false instrmentate cu rea credin\u0163\u0103 de c\u0103tre ace\u015fti patru procurori, am considerat c\u0103 este cazul s\u0103 se prezinte \u00een public anuite lucruri, nu toate, pentru c\u0103 sunt \u015fi altele, pe care nu le-am prezentat\u201d a mai spus Vlad Cosma.<\/p>\n<p>\u00centrebat cine este denun\u0163\u0103torul Serghei Petru\u015f, despre care el sus\u015fine c\u0103 nu exist\u0103 \u00een realitate al c\u0103rui denun\u0163 ar sta la baza unuia dintre dosarele instrumentate la DNA Ploie\u015fti, Vlad Cosma a spus c\u0103 nu a aflat cine este acesta \u015fi c\u0103 se teme c\u0103 \u00een baza denun\u0163urilor unoe anonimi ar putea fi declan\u0163ate noi ancgete care sp vizeze demnitari. Cosma a negat c\u0103 serghei Petru\u015f ar fi fost unul dintre numele folosite de el \u00een dosarele \u00een care a avut identitate protejat\u0103.<\/p>\n<p>Magistra\u0163ii instan\u0163ei supreme au am\u00e2nat, luni, pentru 22 martie, pronun\u0163area deciziei definitive \u00een dosarul \u00een care fostul pre\u015fedinte al Consiliului Jude\u0163ean (CJ) Prahova Mircea Cosma a fost condamnat \u00een prim\u0103 instan\u0163\u0103 la opt ani \u00eenchisoare, iar fiul acestuia, fostul deputat Vlad Cosma, a primit cinci ani \u00eenchisoare. Ei sunt acuza\u0163i de procurorii DNA c\u0103 ar fi primit de la administratorii unor firme care au contracte cu CJ Prahova aproximativ un milion de euro pentru acordarea unor contracte de lucr\u0103ri \u00een care beneficiar este Consiliul Jude\u0163ean.<\/p>\n<p>Surs\u0103: News.ro\n<\/p><\/div>\n<p> Source URL: https:\/\/observatornews.ro\/politic\/cosma-noi-probe-dna-parchetul-general-244327.html<\/p>\n","protected":false},"excerpt":{"rendered":"<p>Fostul deputat PSD Vlad Cosma a afirmat c\u0103 el \u015fi cei implica\u0163i \u00een dezv\u0103luirile pe care le-a f\u0103cut \u00een ultima perioad\u0103 nu au dorit s\u0103 genereze un scandal. Fostul deputat PSD Vlad Cosma, prezent miercuri la Parchetul instan\u0163ei supreme, unde sus\u0163ine c\u0103 a depus noi probe \u00een sprijinul m\u0103rturiilor pe care le face \u00een fa\u0163a [&hellip;]<\/p>\n","protected":false},"author":1,"featured_media":0,"comment_status":"open","ping_status":"","sticky":false,"template":"","format":"standard","meta":{"footnotes":""},"categories":[2],"tags":[30],"class_list":["post-341740","post","type-post","status-publish","format-standard","hentry","category-politics","tag-observatornews-ro"],"_links":{"self":[{"href":"https:\/\/analyse.optim.biz\/index.php?rest_route=\/wp\/v2\/posts\/341740","targetHints":{"allow":["GET"]}}],"collection":[{"href":"https:\/\/analyse.optim.biz\/index.php?rest_route=\/wp\/v2\/posts"}],"about":[{"href":"https:\/\/analyse.optim.biz\/index.php?rest_route=\/wp\/v2\/types\/post"}],"author":[{"embeddable":true,"href":"https:\/\/analyse.optim.biz\/index.php?rest_route=\/wp\/v2\/users\/1"}],"replies":[{"embeddable":true,"href":"https:\/\/analyse.optim.biz\/index.php?rest_route=%2Fwp%2Fv2%2Fcomments&post=341740"}],"version-history":[{"count":0,"href":"https:\/\/analyse.optim.biz\/index.php?rest_route=\/wp\/v2\/posts\/341740\/revisions"}],"wp:attachment":[{"href":"https:\/\/analyse.optim.biz\/index.php?rest_route=%2Fwp%2Fv2%2Fmedia&parent=341740"}],"wp:term":[{"taxonomy":"category","embeddable":true,"href":"https:\/\/analyse.optim.biz\/index.php?rest_route=%2Fwp%2Fv2%2Fcategories&post=341740"},{"taxonomy":"post_tag","embeddable":true,"href":"https:\/\/analyse.optim.biz\/index.php?rest_route=%2Fwp%2Fv2%2Ftags&post=341740"}],"curies":[{"name":"wp","href":"https:\/\/api.w.org\/{rel}","templated":true}]}}