{"id":341739,"date":"2018-03-07T13:54:00","date_gmt":"2018-03-07T10:54:00","guid":{"rendered":"https:\/\/analyse.optim.biz\/?p=341739"},"modified":"2018-03-07T13:54:00","modified_gmt":"2018-03-07T10:54:00","slug":"radulescu-nemultumit-de-hotararea-cex-privind-alegerea-vicepresedintilor-psd-deputatul-a-depus-contestatie","status":"publish","type":"post","link":"https:\/\/analyse.optim.biz\/?p=341739","title":{"rendered":"R\u0103dulescu, nemul\u0163umit de hot\u0103r\u00e2rea CEx privind alegerea vicepre\u015fedin\u0163ilor PSD. Deputatul a depus contesta\u0163ie"},"content":{"rendered":"<div class=\"articleBody\" data-key=\"articleBody\">Deputatul PSD C\u0103t\u0103lin R\u0103dulescu a anun\u0163at miercuri c\u0103 a depus o contesta\u0163ie la hot\u0103r\u00e2rea Comitetului Executiv Na\u0163ional al Partidului Social Democrat, \u00een baza c\u0103reia fiecare regiune va fi reprezentat\u0103 de doi vicepre\u015fedin\u0163i, un b\u0103rbat \u015fi o femeie, iar din fiecare jude\u0163 ar urma s\u0103 existe doar doi candida\u0163i.<\/p>\n<p>&#8220;M\u00e2ine \u00eemi depun candidatura, ast\u0103zi am depus o contesta\u0163ie. Am contestat hot\u0103r\u00e2rea Comitetului Executiv al partidului, care este \u015fi nestatutar\u0103 \u015fi neconstitu\u0163ional\u0103, prin care s-a restric\u0163ionat \u015fi ne-a fost interzis\u0103 candidatura membrilor de partid care vor s\u0103 candideze. M\u0103car acum patru ani a fost un alt sistem. S-au folosit liste, unele t\u0103iate cu cei care nu trebuiau s\u0103 ajung\u0103 vicepre\u015fedin\u0163i \u015fi altele bifate cu cei care trebuiau s\u0103 ajung\u0103 vicepre\u015fedin\u0163i. Acum s-a \u00eent\u00e2mplat o chestiune mult mai grav\u0103, Comitetul Executiv &#8211; nu \u015ftiu la \u00eendemnul cui &#8211; a luat o hot\u0103r\u00e2re care nu este nici constitu\u0163ional\u0103, nici m\u0103car statutar\u0103, prin care s-a hot\u0103r\u00e2t ca din fiecare jude\u0163 s\u0103 candideze o persoan\u0103, un b\u0103rbat sau o femeie. \u015ei din regiune s\u0103 fie ales un b\u0103rbat sau o femeie. Nu am auzit \u00een via\u0163a mea, \u00een niciun loc din lumea asta, ca s\u0103 se poat\u0103 interzice un drept conferit prin Constitu\u0163ie \u015fi statutul partidului de a candida la orice fel de func\u0163ie, de a fi ales \u015fi de a alege, dec\u00e2t aceast\u0103 hot\u0103r\u00e2re a Comitetului Executiv, care mi se pare \u015fi hilar\u0103&#8221;, a precizat el, \u00eentr-o declara\u0163ie acordat\u0103 presei, la Palatul Parlamentului.<\/p>\n<p>R\u0103dulescu a men\u0163ionat c\u0103 a depus contesta\u0163ia la secretarul general al PSD \u015fi, conform statutului, aceasta trebuie discutat\u0103 la Congres.<\/p>\n<p>&#8220;Nu se pot stabili ni\u015fte reguli \u00een congres s\u0103 schimbi statutul \u015fi \u00een acela\u015fi congres s\u0103 faci \u015fi alegeri, deoarece conform unor cutume schimbarea unui statut trebuie dezb\u0103tut\u0103. C\u00e2nd s\u0103 conte\u015fti? Dup\u0103 congres?&#8221;, a \u00eentrebat el.<\/p>\n<p>Social-democratul a atras aten\u0163ia c\u0103 \u00een felul acesta nu vor putea candida mai mul\u0163i membri importan\u0163i ai partidului.<\/p>\n<p>&#8220;Probabil \u00een felul acesta nici B\u0103nicioiu nu va putea s\u0103 candideze, nici Codrin \u015etef\u0103nescu, nici doamna Andronescu, nici \u015eerban Nicolae, nici Teodorovici. \u015ei atunci sunt foarte curios care sunt membrii importan\u0163i care sunt recunoscu\u0163i de partidul nostru ca oameni care s-au b\u0103tut pentru partid, \u015fi legislativ, \u015fi din toate punctele de vedere, care vor candida la func\u0163ia de vicepre\u015fedinte. Deci, dup\u0103 p\u0103rerea mea, aceste alegeri reprezint\u0103 o fars\u0103, pentru c\u0103 &#8211; s\u0103 o spunem pe rom\u00e2ne\u015fte &#8211; sunt de fapt ni\u015fte numiri \u00een func\u0163ie \u015fi nu sunt de fapt alegeri, ceea ce \u00een PSD nu s-a \u00eent\u00e2mplat \u00een ultimii 27 de ani o fars\u0103 mai mare ca asta&#8221;, a sus\u0163inut el.<\/p>\n<p>R\u0103dulescu a subliniat c\u0103 \u00eel sus\u0163ine pe liderul PSD, Liviu Dragnea, dar c\u0103 decizia Comitetului Excutiv \u00eei aminte\u015fte de vremea epur\u0103rilor comuniste.<\/p>\n<p>&#8220;L-am sus\u0163inut \u015fi \u00eel sus\u0163in \u00een continuare pe pre\u015fedintele partidului, dar nu pot \u00een via\u0163a mea s\u0103 accept o hot\u0103r\u00e2re a unui Comitet Executiv care este \u015fi \u00eemi aminte\u015fte de anii 50, de pe vremea epur\u0103rilor comuniste, c\u00e2nd, dac\u0103 nu erau dori\u0163i anumi\u0163i oameni care erau mai vocali \u00een partid, se stabileau ni\u015fte regulamente. Regulamentele nu pot s\u0103 fie nici peste Constitu\u0163ie, nici peste lege. (&#8230;) Suntem mul\u0163i care am vrea s\u0103 candid\u0103m, numai c\u0103 nu poate s\u0103 candideze nimeni&#8221;, a afirmat R\u0103dulescu.<\/p>\n<p>Surs\u0103: Agerpres\n<\/p><\/div>\n<p> Source URL: https:\/\/observatornews.ro\/politic\/radulescu-nemultumit-hotarare-cex-alegere-vicepresedinti-psd-244342.html<\/p>\n","protected":false},"excerpt":{"rendered":"<p>Deputatul PSD C\u0103t\u0103lin R\u0103dulescu a anun\u0163at miercuri c\u0103 a depus o contesta\u0163ie la hot\u0103r\u00e2rea Comitetului Executiv Na\u0163ional al Partidului Social Democrat, \u00een baza c\u0103reia fiecare regiune va fi reprezentat\u0103 de doi vicepre\u015fedin\u0163i, un b\u0103rbat \u015fi o femeie, iar din fiecare jude\u0163 ar urma s\u0103 existe doar doi candida\u0163i. &#8220;M\u00e2ine \u00eemi depun candidatura, ast\u0103zi am depus [&hellip;]<\/p>\n","protected":false},"author":1,"featured_media":0,"comment_status":"open","ping_status":"","sticky":false,"template":"","format":"standard","meta":{"footnotes":""},"categories":[2],"tags":[30],"class_list":["post-341739","post","type-post","status-publish","format-standard","hentry","category-politics","tag-observatornews-ro"],"_links":{"self":[{"href":"https:\/\/analyse.optim.biz\/index.php?rest_route=\/wp\/v2\/posts\/341739","targetHints":{"allow":["GET"]}}],"collection":[{"href":"https:\/\/analyse.optim.biz\/index.php?rest_route=\/wp\/v2\/posts"}],"about":[{"href":"https:\/\/analyse.optim.biz\/index.php?rest_route=\/wp\/v2\/types\/post"}],"author":[{"embeddable":true,"href":"https:\/\/analyse.optim.biz\/index.php?rest_route=\/wp\/v2\/users\/1"}],"replies":[{"embeddable":true,"href":"https:\/\/analyse.optim.biz\/index.php?rest_route=%2Fwp%2Fv2%2Fcomments&post=341739"}],"version-history":[{"count":0,"href":"https:\/\/analyse.optim.biz\/index.php?rest_route=\/wp\/v2\/posts\/341739\/revisions"}],"wp:attachment":[{"href":"https:\/\/analyse.optim.biz\/index.php?rest_route=%2Fwp%2Fv2%2Fmedia&parent=341739"}],"wp:term":[{"taxonomy":"category","embeddable":true,"href":"https:\/\/analyse.optim.biz\/index.php?rest_route=%2Fwp%2Fv2%2Fcategories&post=341739"},{"taxonomy":"post_tag","embeddable":true,"href":"https:\/\/analyse.optim.biz\/index.php?rest_route=%2Fwp%2Fv2%2Ftags&post=341739"}],"curies":[{"name":"wp","href":"https:\/\/api.w.org\/{rel}","templated":true}]}}