{"id":341073,"date":"2018-03-15T19:50:00","date_gmt":"2018-03-15T16:50:00","guid":{"rendered":"https:\/\/analyse.optim.biz\/?p=341073"},"modified":"2018-03-15T19:50:00","modified_gmt":"2018-03-15T16:50:00","slug":"sebastian-ghita-fotografia-cu-laura-codruta-kovesi-e-facuta-in-crama-locuintei-mele-din-ploiesti","status":"publish","type":"post","link":"https:\/\/analyse.optim.biz\/?p=341073","title":{"rendered":"Sebastian Ghi\u0163\u0103: Fotografia cu Laura Codru\u021ba Kovesi e f\u0103cut\u0103 \u00een crama locuin\u0163ei mele din Ploie\u015fti"},"content":{"rendered":"<div class=\"description\" data-key=\"description\">Fostul deputat PSD Sebastian Ghi\u0163\u0103 a reluat joi sear\u0103 relat\u0103rile cu privire la \u0219efa DNA Laura Codru\u0163a Kovesi \u015fi la petrecerile la care el sus\u0163ine c\u0103 participau.<\/div>\n<div class=\"articleBody\" data-key=\"articleBody\">Fostul deputat PSD Sebastian Ghi\u0163\u0103 a reluat joi sear\u0103 relat\u0103rile cu privire la procurorul &#8211; \u015fef al DNA Laura Codru\u0163a Kovesi \u015fi la petrecerile la care el sus\u0163ine c\u0103 participau.<\/p>\n<p>Ghi\u0163\u0103\u00a0i-a ar\u0103tat jurnalistului Ion Cristoiu o fotografie \u00een care ar ap\u0103rea Kovesi la el acas\u0103.<\/p>\n<p>Referitor la fotografie, Sebastian Ghi\u0163\u0103 a spus c\u0103 este f\u0103cut\u0103 \u00een crama locuin\u0163ei lui din Ploie\u015fti<\/p>\n<p>&#8220;Este al\u0103turi de o doamn\u0103 frumoas\u0103 \u015fi un domn mai c\u0103runt&#8221;, a comentat Cristoiu, Ghi\u0163\u0103 subliniind c\u0103 ace\u015ftia sunt membri ai familiei sale.<\/p>\n<p>\u00centrebat dac\u0103 Laura Codru\u0163a Kovesi a vrut s\u0103 fac\u0103 poze, Sebastian Ghi\u0163\u0103 a explicat: &#8220;Eram mai relaxa\u0163i, mai deschi\u015fi. Sunt poze, filme. Aici, la acest eveniment mai erau ni\u015fte persoane. Nu cred c\u0103 demiterea unui demnitar, mai ales a zei\u0163ei anticorup\u0163ie, poate fi f\u0103cut\u0103 scurg\u00e2nd poze. Aceast\u0103 poz\u0103 este de la mine de acas\u0103, din Ploie\u015fti&#8221;.<\/p>\n<p>\u00cen opinia lui Ghi\u0163\u0103, Kovesi \u015fi-a f\u0103cut o problem\u0103 min\u0163ind \u015fi neg\u00e2nd participarea la astfel de evnimente \u015fi rela\u0163ia de prietenie cu el.<\/p>\n<p>&#8220;Recunoa\u015fte sau nu, \u00een acel moment, \u00een acel cerc de oameni, ne consideram prieteni&#8221;, a declarat Sebastian Ghi\u0163\u0103.<\/p>\n<p>Ghi\u021b\u0103 mai spune c\u0103\u00a0c\u0103 Laura Kovesi\u00a0venea foarte greu la \u00eent\u00e2lniri f\u0103r\u0103 fostul adjunct al SRI Florian Coldea.<\/p>\n<p>&#8220;Foarte greu venea la aceste \u00eent\u00e2lniri Codru\u0163a f\u0103r\u0103 Florin. Rar o vedeai pe Codru\u0163a f\u0103r\u0103 Coldea&#8221;, a men\u0163ionat el, preciz\u00e2nd c\u0103 \u00eentre cei doi era o rela\u0163ie strict profesional\u0103.<\/p>\n<p>\u00cen ceea ce prive\u015fte momentul \u00een care a cunoscut-o pe Koves, el a afirmat: &#8220;Ea era procuror general \u015fi cred c\u0103 am cunoscut-o la una dintre zilele acestea, fie 1 decembrie, fie ziua SRI-ului. La un astfel de eveniment erau foarte mul\u0163i oameni. Era coad\u0103 s\u0103 \u00eei str\u00e2ng\u0103 lumea m\u00e2na, s\u0103 o bage \u00een seam\u0103. Era coad\u0103 \u015fi c\u00e2nd era procuror general, \u015fi c\u00e2nd a devenit \u015fef\u0103 DNA. \u015ei m-am a\u015fezat \u015fi eu la coad\u0103&#8221;.<\/p>\n<p>Sursa: news.ro\n<\/p><\/div>\n<p> Source URL: https:\/\/observatornews.ro\/politic\/sebastian-ghita-fotografie-kovesi-245365.html<\/p>\n","protected":false},"excerpt":{"rendered":"<p>Fostul deputat PSD Sebastian Ghi\u0163\u0103 a reluat joi sear\u0103 relat\u0103rile cu privire la \u0219efa DNA Laura Codru\u0163a Kovesi \u015fi la petrecerile la care el sus\u0163ine c\u0103 participau. Fostul deputat PSD Sebastian Ghi\u0163\u0103 a reluat joi sear\u0103 relat\u0103rile cu privire la procurorul &#8211; \u015fef al DNA Laura Codru\u0163a Kovesi \u015fi la petrecerile la care el sus\u0163ine [&hellip;]<\/p>\n","protected":false},"author":1,"featured_media":341074,"comment_status":"open","ping_status":"","sticky":false,"template":"","format":"standard","meta":{"footnotes":""},"categories":[2],"tags":[30],"class_list":["post-341073","post","type-post","status-publish","format-standard","has-post-thumbnail","hentry","category-politics","tag-observatornews-ro"],"_links":{"self":[{"href":"https:\/\/analyse.optim.biz\/index.php?rest_route=\/wp\/v2\/posts\/341073","targetHints":{"allow":["GET"]}}],"collection":[{"href":"https:\/\/analyse.optim.biz\/index.php?rest_route=\/wp\/v2\/posts"}],"about":[{"href":"https:\/\/analyse.optim.biz\/index.php?rest_route=\/wp\/v2\/types\/post"}],"author":[{"embeddable":true,"href":"https:\/\/analyse.optim.biz\/index.php?rest_route=\/wp\/v2\/users\/1"}],"replies":[{"embeddable":true,"href":"https:\/\/analyse.optim.biz\/index.php?rest_route=%2Fwp%2Fv2%2Fcomments&post=341073"}],"version-history":[{"count":0,"href":"https:\/\/analyse.optim.biz\/index.php?rest_route=\/wp\/v2\/posts\/341073\/revisions"}],"wp:featuredmedia":[{"embeddable":true,"href":"https:\/\/analyse.optim.biz\/index.php?rest_route=\/wp\/v2\/media\/341074"}],"wp:attachment":[{"href":"https:\/\/analyse.optim.biz\/index.php?rest_route=%2Fwp%2Fv2%2Fmedia&parent=341073"}],"wp:term":[{"taxonomy":"category","embeddable":true,"href":"https:\/\/analyse.optim.biz\/index.php?rest_route=%2Fwp%2Fv2%2Fcategories&post=341073"},{"taxonomy":"post_tag","embeddable":true,"href":"https:\/\/analyse.optim.biz\/index.php?rest_route=%2Fwp%2Fv2%2Ftags&post=341073"}],"curies":[{"name":"wp","href":"https:\/\/api.w.org\/{rel}","templated":true}]}}