{"id":340663,"date":"2018-03-21T07:53:00","date_gmt":"2018-03-21T04:53:00","guid":{"rendered":"https:\/\/analyse.optim.biz\/?p=340663"},"modified":"2018-03-21T07:53:00","modified_gmt":"2018-03-21T04:53:00","slug":"liviu-dragnea-la-instanta-suprema-unde-va-fi-audiat-in-dosarul-angajarilor-din-dgaspc-teleorman","status":"publish","type":"post","link":"https:\/\/analyse.optim.biz\/?p=340663","title":{"rendered":"Liviu Dragnea, la instan\u0163a suprem\u0103 unde va fi audiat \u00een dosarul angaj\u0103rilor din DGASPC Teleorman"},"content":{"rendered":"<div class=\"description\" data-key=\"description\">Liviu Dragnea a ajuns la instan\u0163a suprem\u0103, unde va fi audiat \u00een procesul \u00een care este judecat pentru abuz \u00een serviciu.<\/div>\n<div class=\"articleBody\" data-key=\"articleBody\">Liviu Dragnea a ajuns la instan\u0163a suprem\u0103, unde va fi audiat \u00een procesul \u00een care este judecat pentru abuz \u00een serviciu. La\u00a0Sediul ICCJ au fost mobiliza\u0163i zeci de jandarmi.<\/p>\n<p>Liderul PSD, Liviu Dragnea, a ajuns, miercuri diminea\u0163\u0103, la \u00cenalta Curte de Casa\u0163ie \u015fi Justi\u0163ie, unde a fost citat pentru audieri \u00een dosarul \u00een care este judecat pentru instigare la abuz \u00een serviciu \u015fi instigare la fals intelectual, al\u0103turi de fosta sa so\u0163ie \u015fi de fo\u015fti angaja\u0163i ai DGASPC Teleorman. La sediul ICCJ s-au adunat mai mul\u0163i contestatari ai s\u0103i \u015fi au fost mobiliza\u0163i zeci de jandarmi.<\/p>\n<p>\u015eedin\u0163a de judecat\u0103 este programat\u0103 de la 10.00, iar Liviu Dragnea a ajuns cu pu\u0163in timp \u00eenaintea acestei ore.<\/p>\n<p>La sediul instan\u0163ei supreme a fost mobilizat un num\u0103r mare de jandarmi, iar Liviu Dragnea \u015fi-a f\u0103cut drum cu greu printre jurnali\u015fti.<\/p>\n<p>El nu a f\u0103cut nicio declara\u0163ie.<\/p>\n<p>\u00cen fa\u0163a instan\u0163ei supreme s-au adunat \u015fi mai mul\u0163i contestatari ai liderului PSD.<\/p>\n<p>\u00cen 15 februarie, instan\u0163a suprem\u0103 a stabilit ca\u00a0Liviu Dragnea s\u0103 fie audiat pe 21 martie, \u00een aceea\u015fi zi cu cei trei inculpa\u0163i care \u015fi-au recunoscut vinov\u0103\u0163ia \u00een acest dosar &#8211; Adriana Botorogeanu, Gheorghe Nicu\u015for \u015fi Anisa Stoica. De asemenea, ar urma s\u0103 fie\u00a0audia\u0163i \u015fi trei martori propu\u015fi de Liviu Dragnea &#8211; Silvia Oprescu (secretar al CJ Teleorman), Liliana Magheru (director \u00een CJ Teleorman) \u015fi Timotei Stuparu (secretarul PSD Teleorman).<\/p>\n<p>La termenul de judecat\u0103 din 15 februarie, au fost audia\u0163i \u015fase martori &#8211; primarul Sectorului 3, Robert Negoi\u0163\u0103, \u015fi fo\u015fti sau actuali angaja\u0163i ai DGASPC Teleorman \u015fi ai Consiliului Jude\u0163ean.<\/p>\n<p>Procesul \u00een care liderul PSD, Liviu Dragnea, este judecat pentru instigare la abuz \u00een serviciu \u015fi instigare la fals intelectual, al\u0103turi de fosta sa so\u0163ie \u015fi de fo\u015fti angaja\u0163i ai DGASPC Teleorman, a fost reluat de la zero de c\u0103tre ICCJ \u00een 3 octombrie 2017, c\u00e2nd la instan\u0163\u0103 a fost prezent \u015fi liderul PSD. La sosirea la ICCJ, Dragnea a fost a\u015fteptat de un grup de contestatari care au agitat c\u0103tu\u015fe\u00a0\u015fi au strigat &#8220;La pu\u015fc\u0103rie!&#8221;, iar la plecare\u00a0a fost a\u015fteptat de mai multe persoane aduse de c\u0103tre Codrin \u015etef\u0103nescu.<\/p>\n<p>\u00cen acest dosar, pre\u015fedintele PSD, Liviu Dragnea, a fost\u00a0 trimis \u00een judecat\u0103 de procurorii Direc\u0163iei Na\u0163ionale Anticorup\u0163ie \u00een 15 iulie 2016, pentru instigare la abuz \u00een serviciu \u015fi instigare la fals intelectual, fiind acuzat al\u0103turi de fosta sa so\u0163ie \u015fi de fo\u015fti angaja\u0163i ai DGASPC Teleorman.<\/p>\n<p>Potrivit procurorilor, \u00een perioada iulie 2006 &#8211; decembrie 2012, Liviu Dragnea, \u00een calitate de pre\u015fedinte al Consiliului Jude\u0163ean Teleorman, respectiv de pre\u015fedinte al PSD Teleorman, a determinat-o pe Floarea Alesu, la acea vreme director executiv al Direc\u0163iei Generale de Asisten\u0163\u0103 Social\u0103 \u015fi Protec\u0163ia Copilului Teleorman, s\u0103 \u00ee\u015fi \u00eencalce atribu\u0163iile de serviciu prin men\u0163inerea \u00een func\u0163ie \u015fi implicit plata drepturilor salariale pentru dou\u0103 angajate ale aceleia\u015fi institu\u0163ii. &#8220;\u00cen realitate, cele dou\u0103 persoane \u015fi-au desf\u0103\u015furat activitatea la sediul organiza\u0163iei jude\u0163ene Teleorman a partidului politic al c\u0103rui pre\u015fedinte era inculpatul Dragnea Nicolae Liviu, aspect cunoscut de acesta din urm\u0103&#8221;, sus\u0163ine DNA.<\/p>\n<p>Fosta so\u0163ie a lui Dragnea, Bombonica Prodana, este acuzat\u0103 de abuz \u00een serviciu, al\u0103turi de fo\u015fti \u015fefii din Direc\u0163ia General\u0103 de Asisten\u0163\u0103 Social\u0103 \u015fi Protec\u0163ia Copilului Teleorman. Bombonica Prodana a fost pus\u0103 sub acuzare pentru c\u0103, \u00een perioadele 3 martie &#8211; 1 august 2008 \u015fi 3 iulie 2009 &#8211; 1 august 2010, nu a sanc\u0163ionat dou\u0103 subordonate \u00eencadrate \u00een func\u0163ia de referent la institu\u0163iile pe care le conducea, de\u015fi \u015ftia c\u0103 nu s-au prezentat la serviciu \u015fi nu au respectat prevederile contractului individual de munc\u0103 \u015fi fi\u015fa postului.<\/p>\n<p>La cererea Bombonic\u0103i Prodana, care a invocat o excep\u0163ie de neconstitu\u0163ionalitate, instan\u0163a suprem\u0103 a sesizat Curtea Constitu\u0163ional\u0103 \u00een privin\u0163a defini\u0163iei abuzului \u00een serviciu. CCR a decis c\u0103 impunerea unui prag valoric \u00een ceea ce prive\u015fte abuzul \u00een serviciu este de competen\u0163a Parlamentului, preciz\u00e2nd c\u0103 reglementarea valorii pagubei \u015fi gravitatea v\u0103t\u0103m\u0103rii rezultate din comiterea faptei de abuz \u00een serviciu este necesar\u0103 pentru delimitarea r\u0103spunderii penale de celelalte forme de r\u0103spundere juridic\u0103. Ministerul Justi\u0163iei a anun\u0163at c\u0103, urmare a deciziei CCR, infrac\u0163iunea de abuz \u00een serviciu urmeaz\u0103 s\u0103 fie redefinit\u0103, inclusiv prin instituirea unui prag valoric.<\/p>\n<p>Tot miercuri, magistra\u0163ii \u00cenaltei Cur\u0163i de Casa\u0163ie \u015fi Justi\u0163ie (ICCJ) judec\u0103 procesele \u00een care sunt trimi\u015fi \u00een judecat\u0103 pre\u015fedintele Senatului, C\u0103lin Popescu T\u0103riceanu, \u015fi fostul vicepremier Gabriel Oprea. Toate cele trei procese au fost reluate de la zero \u00een toamna anului trecut, dup\u0103 ce judec\u0103torul care a \u00eenlocuit-o \u00een complet pe Anamaria Dasc\u0103lu, care s-a pensionat, a decis readministrarea probelor, invoc\u00e2nd o decizie CEDO.<\/p>\n<p>Sursa: News.ro\n<\/p><\/div>\n<p> Source URL: https:\/\/observatornews.ro\/politic\/liviu-dragnea-audiat-dosar-dgaspc-teleorman-246036.html<\/p>\n","protected":false},"excerpt":{"rendered":"<p>Liviu Dragnea a ajuns la instan\u0163a suprem\u0103, unde va fi audiat \u00een procesul \u00een care este judecat pentru abuz \u00een serviciu. Liviu Dragnea a ajuns la instan\u0163a suprem\u0103, unde va fi audiat \u00een procesul \u00een care este judecat pentru abuz \u00een serviciu. La\u00a0Sediul ICCJ au fost mobiliza\u0163i zeci de jandarmi. Liderul PSD, Liviu Dragnea, a [&hellip;]<\/p>\n","protected":false},"author":1,"featured_media":340664,"comment_status":"open","ping_status":"","sticky":false,"template":"","format":"standard","meta":{"footnotes":""},"categories":[2],"tags":[30],"class_list":["post-340663","post","type-post","status-publish","format-standard","has-post-thumbnail","hentry","category-politics","tag-observatornews-ro"],"_links":{"self":[{"href":"https:\/\/analyse.optim.biz\/index.php?rest_route=\/wp\/v2\/posts\/340663","targetHints":{"allow":["GET"]}}],"collection":[{"href":"https:\/\/analyse.optim.biz\/index.php?rest_route=\/wp\/v2\/posts"}],"about":[{"href":"https:\/\/analyse.optim.biz\/index.php?rest_route=\/wp\/v2\/types\/post"}],"author":[{"embeddable":true,"href":"https:\/\/analyse.optim.biz\/index.php?rest_route=\/wp\/v2\/users\/1"}],"replies":[{"embeddable":true,"href":"https:\/\/analyse.optim.biz\/index.php?rest_route=%2Fwp%2Fv2%2Fcomments&post=340663"}],"version-history":[{"count":0,"href":"https:\/\/analyse.optim.biz\/index.php?rest_route=\/wp\/v2\/posts\/340663\/revisions"}],"wp:featuredmedia":[{"embeddable":true,"href":"https:\/\/analyse.optim.biz\/index.php?rest_route=\/wp\/v2\/media\/340664"}],"wp:attachment":[{"href":"https:\/\/analyse.optim.biz\/index.php?rest_route=%2Fwp%2Fv2%2Fmedia&parent=340663"}],"wp:term":[{"taxonomy":"category","embeddable":true,"href":"https:\/\/analyse.optim.biz\/index.php?rest_route=%2Fwp%2Fv2%2Fcategories&post=340663"},{"taxonomy":"post_tag","embeddable":true,"href":"https:\/\/analyse.optim.biz\/index.php?rest_route=%2Fwp%2Fv2%2Ftags&post=340663"}],"curies":[{"name":"wp","href":"https:\/\/api.w.org\/{rel}","templated":true}]}}