{"id":340576,"date":"2018-03-21T11:12:44","date_gmt":"2018-03-21T08:12:44","guid":{"rendered":"https:\/\/analyse.optim.biz\/?p=340576"},"modified":"2018-03-21T11:12:44","modified_gmt":"2018-03-21T08:12:44","slug":"scandal-la-instanta-suprema-liviu-dragnea-a-fost-asteptat-cu-proteste-si-cordon-de-jandarmi","status":"publish","type":"post","link":"https:\/\/analyse.optim.biz\/?p=340576","title":{"rendered":"Scandal la Instan\u0163a Suprem\u0103. Liviu Dragnea a fost a\u015fteptat cu proteste \u015fi cordon de jandarmi"},"content":{"rendered":"<div class=\"description\" data-key=\"description\">Liviu Dragnea a fost \u00eent\u00e2mpinat ast\u0103zi cu scandal la \u00cenalta Curte de Casa\u0163ie \u015fi Justi\u0163ie. Liderul PSD a trecut printre protestari, flancat de jandarmi.<\/div>\n<div class=\"articleBody\" data-key=\"articleBody\">Liviu Dragnea a fost \u00eent\u00e2mpinat ast\u0103zi cu scandal la \u00cenalta Curte de Casa\u0163ie \u015fi Justi\u0163ie. Liderul PSD a trecut printre protestari \u015fi jurnali\u015fti, flancat de jandarmi. <\/p>\n<p>Liderul PSD a mers s\u0103 dea declara\u0163ii \u00een dosarul \u00een care e acuzat de instigare la abuz \u00een serviciu \u015fi la fals intelectual, al\u0103turi de fosta sa so\u0163ie \u015fi de fo\u015fti angaja\u0163i ai Direc\u0163ia pentru Protec\u0163ia Copilului Teleorman.\n<\/p><\/div>\n<p> Source URL: https:\/\/observatornews.ro\/politic\/scandal-instanta-suprema-liviu-dragnea-asteptat-cu-proteste-246055.html<\/p>\n","protected":false},"excerpt":{"rendered":"<p>Liviu Dragnea a fost \u00eent\u00e2mpinat ast\u0103zi cu scandal la \u00cenalta Curte de Casa\u0163ie \u015fi Justi\u0163ie. Liderul PSD a trecut printre protestari, flancat de jandarmi. Liviu Dragnea a fost \u00eent\u00e2mpinat ast\u0103zi cu scandal la \u00cenalta Curte de Casa\u0163ie \u015fi Justi\u0163ie. Liderul PSD a trecut printre protestari \u015fi jurnali\u015fti, flancat de jandarmi. Liderul PSD a mers s\u0103 [&hellip;]<\/p>\n","protected":false},"author":1,"featured_media":340577,"comment_status":"open","ping_status":"","sticky":false,"template":"","format":"standard","meta":{"footnotes":""},"categories":[2],"tags":[30],"class_list":["post-340576","post","type-post","status-publish","format-standard","has-post-thumbnail","hentry","category-politics","tag-observatornews-ro"],"_links":{"self":[{"href":"https:\/\/analyse.optim.biz\/index.php?rest_route=\/wp\/v2\/posts\/340576","targetHints":{"allow":["GET"]}}],"collection":[{"href":"https:\/\/analyse.optim.biz\/index.php?rest_route=\/wp\/v2\/posts"}],"about":[{"href":"https:\/\/analyse.optim.biz\/index.php?rest_route=\/wp\/v2\/types\/post"}],"author":[{"embeddable":true,"href":"https:\/\/analyse.optim.biz\/index.php?rest_route=\/wp\/v2\/users\/1"}],"replies":[{"embeddable":true,"href":"https:\/\/analyse.optim.biz\/index.php?rest_route=%2Fwp%2Fv2%2Fcomments&post=340576"}],"version-history":[{"count":0,"href":"https:\/\/analyse.optim.biz\/index.php?rest_route=\/wp\/v2\/posts\/340576\/revisions"}],"wp:featuredmedia":[{"embeddable":true,"href":"https:\/\/analyse.optim.biz\/index.php?rest_route=\/wp\/v2\/media\/340577"}],"wp:attachment":[{"href":"https:\/\/analyse.optim.biz\/index.php?rest_route=%2Fwp%2Fv2%2Fmedia&parent=340576"}],"wp:term":[{"taxonomy":"category","embeddable":true,"href":"https:\/\/analyse.optim.biz\/index.php?rest_route=%2Fwp%2Fv2%2Fcategories&post=340576"},{"taxonomy":"post_tag","embeddable":true,"href":"https:\/\/analyse.optim.biz\/index.php?rest_route=%2Fwp%2Fv2%2Ftags&post=340576"}],"curies":[{"name":"wp","href":"https:\/\/api.w.org\/{rel}","templated":true}]}}