{"id":340574,"date":"2018-03-21T12:11:00","date_gmt":"2018-03-21T09:11:00","guid":{"rendered":"https:\/\/analyse.optim.biz\/?p=340574"},"modified":"2018-03-21T12:11:00","modified_gmt":"2018-03-21T09:11:00","slug":"premierul-dancila-cere-lamuriri-la-comisia-europeana-privind-scrisoarea-primita-la-ministerul-justitiei","status":"publish","type":"post","link":"https:\/\/analyse.optim.biz\/?p=340574","title":{"rendered":"Premierul D\u0103ncil\u0103 cere l\u0103muriri la Comisia European\u0103 privind scrisoarea primit\u0103 la Ministerul Justi\u0163iei"},"content":{"rendered":"<div class=\"description\" data-key=\"description\">Premierul D\u0103ncil\u0103\u00a0a declarat c\u0103 \u00eei va scrie pre\u015fedintelui CE pentru a-i cere detalii despre\u00a0scrisoarea \u00een care se cereau informa\u0163ii despre dosare din instan\u0163\u0103.<\/div>\n<div class=\"articleBody\" data-key=\"articleBody\">Premierul D\u0103ncil\u0103\u00a0a declarat c\u0103 \u00eei va scrie pre\u015fedintelui CE pentru a cere detalii despre\u00a0scrisoarea de la\u00a0Ministerul Justi\u0163iei \u00een care se cereau informa\u0163ii despre dosare din instan\u0163\u0103.<\/p>\n<p>Premierul Viorica D\u0103ncil\u0103 a afirmat, miercuri, c\u0103 \u00een cursul zilei \u00eei va trimite o scrisoare pre\u015fedintelui Comisiei Europene, Jean Claude Junker, pentru a cere detalii \u015fi informa\u0163ii, dup\u0103 ce Ministerul Justi\u0163iei i-a confirmat c\u0103 au existat mai multe cereri din partea Comisiei Europene legate de situa\u0163ia unor dosare. Ea a sus\u0163inut c\u0103 aceste aspecte sunt &#8220;total nepotrivite \u015fi \u00een neconcordan\u0163\u0103&#8221; cu ceea ce presupune Mecanismul de Cooperare \u015fi Verificare (MCV).<\/p>\n<p>Ea a spus c\u0103 dup\u0103 apari\u0163ia \u00een spa\u0163iul public a scrisorii Comisiei Europene din octombrie 2012 \u00een care se cereau informa\u0163ii despre dosare din instan\u0163e a solicitat Ministerului Justi\u0163iei o analiz\u0103, iar institu\u0163ia i-a transmis \u00een aceast\u0103 diminea\u0163\u0103 c\u0103 &#8220;au mai existat astfel de practici&#8221; din partea CE \u00een perioada 2012-2018.<\/p>\n<p>&#8220;\u00cen spa\u0163iul public a ap\u0103rut un document al Comisiei Europene, datat 10 octombrie 2012, \u00een care era solicitat\u0103 situa\u0163ia unor dosare aflate pe rol. \u015ei mai grav este faptul c\u0103 \u00een acea scrisoare erau \u015fi nume despre care se cereau stadiul \u00een care se afl\u0103 procesul \u015fi pa\u015fii care trebuiau urma\u0163i, ceea ce mi se pare un lucru deosebit de grav. (&#8230;) Am solicitat Ministerului Justi\u0163iei o analiz\u0103 a cererilor pe care le-a f\u0103cut Comisia European\u0103 c\u0103tre Ministerul Justi\u0163iei, dac\u0103 \u00een perioada 2012-2018 au mai existat astfel de solicit\u0103ri. Am primit \u00een diminea\u0163a aceasta documente de la Ministerul Justi\u0163iei, care confirm\u0103 ceea ce a ap\u0103rut \u00een spa\u0163iul public, \u015fi anume c\u0103 astfel de practici au mai fost f\u0103cute&#8221;, a declarat premierul.\u00a0<\/p>\n<p>D\u0103ncil\u0103 a spus c\u0103 a decis ca \u00een cursul acestei zile s\u0103 \u00eei trimit\u0103 o scrisoare pre\u015fedintelui Comisiei Europene, Jean-Claude Junker, prin care s\u0103 solicite detalii \u015fi informa\u0163ii legate de &#8220;aceste aspecte total nepotrivite \u015fi \u00een total\u0103 neconcordan\u0163\u0103 cu ceea ce presupune MCV&#8221;.<\/p>\n<p>&#8220;Este foarte important pentru noi, pentru Rom\u00e2nia, s\u0103 l\u0103murim aceste lucruri \u015fi s\u0103 pornim de la un moment \u00een care putem s\u0103 vorbim despre o colaborare fireasc\u0103&#8221;, a ad\u0103ugat Viorica D\u0103ncil\u0103.<\/p>\n<p>\u00cen spa\u0163iul public au ap\u0103rut informa\u0163ii referitoare la un document oficial transmis Guvernului de c\u0103tre Comisia European\u0103 \u00een 2012, prin care se cereau informa\u0163ii cu privire la descrierea situa\u0163iei juridice \u015fi la stabilirea pa\u015filor procedurali \u00een cazuri de presupus\u0103 corup\u0163ie la nivel \u00eenalt, dosare aflate \u00een curs de judecat\u0103 care \u00eei vizau pe Gheroghe Copos, Adrian N\u0103stase, \u015eerban Br\u0103di\u015fteanu, Ion Dumitru, Decebal Traian Reme\u015f, Dan Voiculescu, George Becali, C\u0103t\u0103lin Voicu sau Tudor Chiuariu.<\/p>\n<p>Sursa: News.ro\n<\/p><\/div>\n<p> Source URL: https:\/\/observatornews.ro\/politic\/premierul-dancila-lamuriri-la-comisia-europeana-246074.html<\/p>\n","protected":false},"excerpt":{"rendered":"<p>Premierul D\u0103ncil\u0103\u00a0a declarat c\u0103 \u00eei va scrie pre\u015fedintelui CE pentru a-i cere detalii despre\u00a0scrisoarea \u00een care se cereau informa\u0163ii despre dosare din instan\u0163\u0103. Premierul D\u0103ncil\u0103\u00a0a declarat c\u0103 \u00eei va scrie pre\u015fedintelui CE pentru a cere detalii despre\u00a0scrisoarea de la\u00a0Ministerul Justi\u0163iei \u00een care se cereau informa\u0163ii despre dosare din instan\u0163\u0103. Premierul Viorica D\u0103ncil\u0103 a afirmat, miercuri, [&hellip;]<\/p>\n","protected":false},"author":1,"featured_media":340575,"comment_status":"open","ping_status":"","sticky":false,"template":"","format":"standard","meta":{"footnotes":""},"categories":[2],"tags":[30],"class_list":["post-340574","post","type-post","status-publish","format-standard","has-post-thumbnail","hentry","category-politics","tag-observatornews-ro"],"_links":{"self":[{"href":"https:\/\/analyse.optim.biz\/index.php?rest_route=\/wp\/v2\/posts\/340574","targetHints":{"allow":["GET"]}}],"collection":[{"href":"https:\/\/analyse.optim.biz\/index.php?rest_route=\/wp\/v2\/posts"}],"about":[{"href":"https:\/\/analyse.optim.biz\/index.php?rest_route=\/wp\/v2\/types\/post"}],"author":[{"embeddable":true,"href":"https:\/\/analyse.optim.biz\/index.php?rest_route=\/wp\/v2\/users\/1"}],"replies":[{"embeddable":true,"href":"https:\/\/analyse.optim.biz\/index.php?rest_route=%2Fwp%2Fv2%2Fcomments&post=340574"}],"version-history":[{"count":0,"href":"https:\/\/analyse.optim.biz\/index.php?rest_route=\/wp\/v2\/posts\/340574\/revisions"}],"wp:featuredmedia":[{"embeddable":true,"href":"https:\/\/analyse.optim.biz\/index.php?rest_route=\/wp\/v2\/media\/340575"}],"wp:attachment":[{"href":"https:\/\/analyse.optim.biz\/index.php?rest_route=%2Fwp%2Fv2%2Fmedia&parent=340574"}],"wp:term":[{"taxonomy":"category","embeddable":true,"href":"https:\/\/analyse.optim.biz\/index.php?rest_route=%2Fwp%2Fv2%2Fcategories&post=340574"},{"taxonomy":"post_tag","embeddable":true,"href":"https:\/\/analyse.optim.biz\/index.php?rest_route=%2Fwp%2Fv2%2Ftags&post=340574"}],"curies":[{"name":"wp","href":"https:\/\/api.w.org\/{rel}","templated":true}]}}