{"id":340570,"date":"2018-03-21T13:21:00","date_gmt":"2018-03-21T10:21:00","guid":{"rendered":"https:\/\/analyse.optim.biz\/?p=340570"},"modified":"2018-03-21T13:21:00","modified_gmt":"2018-03-21T10:21:00","slug":"guvernul-va-adopta-o-ordonanta-de-urgenta-pentru-centenarul-marii-uniri","status":"publish","type":"post","link":"https:\/\/analyse.optim.biz\/?p=340570","title":{"rendered":"Guvernul va adopta o Ordonan\u0163\u0103 de Urgen\u0163\u0103 pentru Centenarul Marii Uniri"},"content":{"rendered":"<div class=\"description\" data-key=\"description\">Guvernul va adopta o ordonan\u0163\u0103 de urgen\u0163\u0103 privind coordonarea manifest\u0103rilor de Centenar \u015fi cadrul legal de finan\u0163are a acestora, a anun\u0163at premierul D\u0103ncil\u0103.<\/div>\n<div class=\"articleBody\" data-key=\"articleBody\">Guvernul va adopta o ordonan\u0163\u0103 de urgen\u0163\u0103 privind coordonarea manifest\u0103rilor de Centenar \u015fi cadrul legal de finan\u0163are a acestora, a anun\u0163at premierul Viorica D\u0103ncil\u0103.<\/p>\n<p>\u00a0 \u00a0&#8216;O alt\u0103 ordonan\u0163\u0103 de guvern pe care o vom adopta ast\u0103zi se refer\u0103 la desf\u0103\u015furarea Centenarului, un moment a\u015fteptat. \u00cemi pare r\u0103u c\u0103 s-a produs aceast\u0103 \u00eent\u00e2rziere, dar eu nu cred c\u0103 trebuie s\u0103 privim la trecut, ci trebuie s\u0103 privim spre viitor \u015fi s\u0103 facem tot ceea ce depinde (de noi &#8211; n.r.) pentru ca rom\u00e2nii s\u0103 se bucure de un eveniment at\u00e2t de important cum este Centenarul. \u00cen acest sens, este vorba de o ordonan\u0163\u0103 care s\u0103 asigure coordonarea manifest\u0103rilor Centenarului, dar, \u00een acela\u015fi timp, s\u0103 acorde \u015fi cadrul legal pentru finan\u0163area acestor manifest\u0103ri&#8217;, a afirmat D\u0103ncil\u0103, \u00een debutul \u015fedin\u0163ei Executivului.<\/p>\n<p>\u00a0 \u00a0Ea \u015fi-a exprimat speran\u0163a c\u0103, \u00een cel mai scurt timp, vor fi prezentate manifest\u0103rile organizate cu ocazia Centenarului.<\/p>\n<p>\u00a0 \u00a0&#8216;Sper ca \u00een cel mai scurt timp s\u0103 putem s\u0103 ie\u015fim, domnul ministru (al Culturii &#8211; n.r.), \u015fi cu ceea ce presupune Centenarul, cu manifest\u0103rile care au reie\u015fit \u00een urma dezbaterii \u015fi \u015ftiu c\u0103 ave\u0163i toat\u0103 implicarea pentru ca vineri s\u0103 putem vorbi pe larg despre acest lucru&#8217;, a ad\u0103ugat premierul.<\/p>\n<p>Sursa: Agerpres\n<\/p><\/div>\n<p> Source URL: https:\/\/observatornews.ro\/politic\/guvern-ordonanta-de-urgenta-centenarul-marii-uniri-246081.html<\/p>\n","protected":false},"excerpt":{"rendered":"<p>Guvernul va adopta o ordonan\u0163\u0103 de urgen\u0163\u0103 privind coordonarea manifest\u0103rilor de Centenar \u015fi cadrul legal de finan\u0163are a acestora, a anun\u0163at premierul D\u0103ncil\u0103. Guvernul va adopta o ordonan\u0163\u0103 de urgen\u0163\u0103 privind coordonarea manifest\u0103rilor de Centenar \u015fi cadrul legal de finan\u0163are a acestora, a anun\u0163at premierul Viorica D\u0103ncil\u0103. \u00a0 \u00a0&#8216;O alt\u0103 ordonan\u0163\u0103 de guvern pe care [&hellip;]<\/p>\n","protected":false},"author":1,"featured_media":340571,"comment_status":"open","ping_status":"","sticky":false,"template":"","format":"standard","meta":{"footnotes":""},"categories":[2],"tags":[30],"class_list":["post-340570","post","type-post","status-publish","format-standard","has-post-thumbnail","hentry","category-politics","tag-observatornews-ro"],"_links":{"self":[{"href":"https:\/\/analyse.optim.biz\/index.php?rest_route=\/wp\/v2\/posts\/340570","targetHints":{"allow":["GET"]}}],"collection":[{"href":"https:\/\/analyse.optim.biz\/index.php?rest_route=\/wp\/v2\/posts"}],"about":[{"href":"https:\/\/analyse.optim.biz\/index.php?rest_route=\/wp\/v2\/types\/post"}],"author":[{"embeddable":true,"href":"https:\/\/analyse.optim.biz\/index.php?rest_route=\/wp\/v2\/users\/1"}],"replies":[{"embeddable":true,"href":"https:\/\/analyse.optim.biz\/index.php?rest_route=%2Fwp%2Fv2%2Fcomments&post=340570"}],"version-history":[{"count":0,"href":"https:\/\/analyse.optim.biz\/index.php?rest_route=\/wp\/v2\/posts\/340570\/revisions"}],"wp:featuredmedia":[{"embeddable":true,"href":"https:\/\/analyse.optim.biz\/index.php?rest_route=\/wp\/v2\/media\/340571"}],"wp:attachment":[{"href":"https:\/\/analyse.optim.biz\/index.php?rest_route=%2Fwp%2Fv2%2Fmedia&parent=340570"}],"wp:term":[{"taxonomy":"category","embeddable":true,"href":"https:\/\/analyse.optim.biz\/index.php?rest_route=%2Fwp%2Fv2%2Fcategories&post=340570"},{"taxonomy":"post_tag","embeddable":true,"href":"https:\/\/analyse.optim.biz\/index.php?rest_route=%2Fwp%2Fv2%2Ftags&post=340570"}],"curies":[{"name":"wp","href":"https:\/\/api.w.org\/{rel}","templated":true}]}}