{"id":340568,"date":"2018-03-21T14:22:00","date_gmt":"2018-03-21T11:22:00","guid":{"rendered":"https:\/\/analyse.optim.biz\/?p=340568"},"modified":"2018-03-21T14:22:00","modified_gmt":"2018-03-21T11:22:00","slug":"liviu-dragnea-in-fata-completului-care-il-judeca-pentru-angajari-fictive-sunt-tinta-dna","status":"publish","type":"post","link":"https:\/\/analyse.optim.biz\/?p=340568","title":{"rendered":"Liviu Dragnea, \u00een fa\u0163a completului care \u00eel judec\u0103 pentru angaj\u0103ri fictive: &#8220;Sunt \u0163inta DNA&#8221;"},"content":{"rendered":"<div class=\"description\" data-key=\"description\">Liderul PSD, Liviu Dragnea, a sus\u0163inut, miercuri, la instan\u0163a suprem\u0103, c\u0103 e \u0163inta DNA.<\/div>\n<div class=\"articleBody\" data-key=\"articleBody\">Liderul PSD, Liviu Dragnea, a sus\u0163inut, miercuri, la instan\u0163a suprem\u0103, unde a fost audiat \u00een dosarul angaj\u0103rilor fictive de la Direc\u0163ia General\u0103 de Asisten\u0163\u0103 Social\u0103 \u015fi protec\u0163ia Copilului (DGASPC) Telorman, \u00een care este acuzat c\u0103 ar fi intervenit pentru angajarea la DGASPC \u015fi men\u0163inerea \u00een func\u0163ie a dou\u0103 angajate care lucrau de fapt la PSD, c\u0103 fostul director executiv al Direc\u0163iei Floarea Alesu, dar nici altcineva, nu l-a informat niciodat\u0103 c\u0103 cele dou\u0103 angajate nu ar merge la serviciu \u015fi c\u0103 ar \u00eencasa salariul f\u0103r\u0103 s\u0103 munceasc\u0103. Dragnea a negat, de asemenea, c\u0103 ar fi discutat cu Floarea Alesu despre organigrama DGASPC, spun\u00e2nd c\u0103 organigrama \u015fi rectific\u0103rile bugetare ale institu\u0163iei aveau proceduri riguroase, iar competen\u0163a era a Consiliului Director. El a mai spus c\u0103 \u00eencearc\u0103 s\u0103 \u00een\u0163eleag\u0103 de ce a fost trimis \u00een judecat\u0103 f\u0103r\u0103 nicio prob\u0103, ci doar \u00een baza unor &#8220;b\u00e2rfe spuse la un \u015fpri\u0163&#8221; \u015fi a sus\u0163inut c\u0103 a r\u0103mas &#8220;\u0163inta DNA&#8221;.<\/p>\n<p>&#8220;Niciodat\u0103 doamna Alesu nu mi-a prezentat situa\u0163ia celor dou\u0103 angajate \u015fi niciodat\u0103 nu mi-a prezentat situa\u0163ia niciunui angajat. Am pus dou\u0103 reguli: prima, c\u0103 orice discu\u0163ie se purta \u00een prezen\u0163a domnei director Magheru \u00een cadrul Consiliului Jude\u0163ean Teleorman \u015fi coordonatorului din partea CJ Teleorman al respectivei institu\u0163iei \u015fi cu \u015feful institu\u0163iei. Niciodat\u0103 eu singur cu el, c\u0103 doar nu era o \u015fuet\u0103. A dou\u0103 regul\u0103 &#8211; am spus c\u0103 vreau s\u0103 se discute cu institu\u0163iile subordonate, cu \u015fefii, despre chestiuni care nu erau de competen\u0163a noastr\u0103. \u00cen acest context, niciodat\u0103, nici doamna Alesu, nici altcineva nu m-a informat, nu mi-a spus c\u0103 cele dou\u0103 angajate nu ar veni la direc\u0163ie \u015fi ar \u00eencasa salariul f\u0103r\u0103 s\u0103 munceasc\u0103. Doamna Anisa (Anisa Stoica -m.r.) at\u0103zi, aici, a spus clar c\u0103 nu i-am zis niciodat\u0103 s\u0103 nu vin\u0103 la serviciu&#8221;, le-a declarat Dragnea magistra\u0163ilor.<\/p>\n<p>Liviu Dragnea a mai afirmat \u00een instan\u0163\u0103 c\u0103 de c\u00e2nd a fost trimis \u00een judecat\u0103 a auzit b\u00e2rfe, a\u015fa c\u0103 spune \u015fi el ce a auzit: &#8220;S-a tot vorbit \u00een ultima perioad\u0103 prin Alexandria c\u0103 li s-ar fi sugerat celor dou\u0103 &#8211; repet, nu am nicio dovad\u0103, dar \u015fti\u0163i cum e cu zvonurile &#8211; c\u0103 dac\u0103 ar spune c\u00e2te ceva despre mine c\u0103 s\u0103 ajung \u00een aceast\u0103 situa\u0163ie ar primi o pedeaps\u0103 mai u\u015foar\u0103. Nu \u015ftiu dac\u0103 este adev\u0103rat sau nu, dar mi-am pus \u015fi eu aceast\u0103 \u00eentrebare. Floarea Alesu a spus c\u0103 discut\u0103 cu mine organigrama institu\u0163iei. Asta este \u00een competen\u0163a Consiliului Director, deci este gre\u015fit\u0103 aceast\u0103 afirma\u0163ie. Organigrama nu se depune la mine. Rectific\u0103rile bugetare, spunea Alesu c\u0103 le discut\u0103 cu mine. V\u0103 spun c\u00e2teva lucruri: eu respect foarte mult DNA-ul, dar va prezint realitatea. Nu aveam cum s\u0103 m\u0103 \u00eent\u00e2lnesc \u015fi s\u0103 discut cu Floarea Alesu despre organigram\u0103 \u015fi rectific\u0103ri bugetare, doar noi doi. Toate aceste chestiuni aveau proceduri riguroase, iar competen\u0163a era a Consiliului Director&#8221;.\u00a0\u00a0<\/p>\n<p>Liderul PSD a mai spus c\u0103 din cei aproape 2.000 de oameni angaja\u0163i \u00een institu\u0163iile subordonate Consiliului Jude\u0163ean Teleorman foarte mul\u0163i erau din cadrul PSD \u015fi de la alte partide politice, iar atunci se \u00eentreab\u0103 firesc dac\u0103 ar fi trebuit s\u0103 se interesez de fiecare angajat membru PSD dac\u0103 merge la serviciu: &#8220;Eu m\u0103 \u00eentreb firesc &#8211; ar fi trebuit s\u0103 m\u0103 interesez de fiecare angajat membru PSD dac\u0103 merge la serviciu? Eu nu merg nici acum \u00een fiecare zi la sediul de partid. Nici atunci. Eu ajungeam la sediul de partid cam la dou\u0103 s\u0103pt\u0103m\u00e2ni. Au fost perioade \u00een care nu ajungea niciunul c\u00e2te o lun\u0103. C\u00e2nd noi aveam Birou Permanent jude\u0163ean \u00eensemna c\u0103 veaneau to\u0163i membrii, \u015foferii, primarii, consilieri jude\u0163eni, mult\u0103 lume&#8221;.<\/p>\n<p>El a mai spus c\u0103 \u00eencearc\u0103 s\u0103 \u00een\u0163eleag\u0103 de ce a fost trimis \u00een judecat\u0103 f\u0103r\u0103\u00a0nicio prob\u0103, ci doar \u00een baza unor &#8220;b\u00e2rfe spuse la un \u015fpri\u0163&#8221; \u015fi a sus\u0163inut c\u0103 a r\u0103mas &#8220;\u0163inta DNA&#8221;.<\/p>\n<p>&#8220;A\u015f vrea s\u0103 \u00eenchei, domnule pre\u015fedinte. A\u015fa cum am spus de la \u00eenceput, am citit dosarul, rechizitoriile, declara\u0163iile. \u00cencerc s\u0103 \u00een\u0163eleg de ce am fost trimis \u00een judecat\u0103 f\u0103r\u0103 nicio prob\u0103, doar pe ni\u015fte declaratii, ni\u015fte feelinguri, ni\u015fte b\u00e2rfe spuse la un \u015fpri\u0163. Nu am reu\u015fit s\u0103 \u00een\u0163eleg. Ce s\u0103 mai spun, am r\u0103mas \u015fi sunt \u0163inta DNA-ului&#8221;, a mai afirmat Dragnea \u00een fa\u0163a magistra\u0163ilor, \u00een timp ce se \u00eendep\u0103rta de microfon.<\/p>\n<p>Magistra\u0163ii au \u00eenceput audierea lui Liviu Dragnea dup\u0103 ora 14.00, \u00een condi\u0163iile \u00een care liderul PSD a cerut s\u0103 fie audiat ultimul.<\/p>\n<p>\u00cen acest dosar, pre\u015fedintele PSD, Liviu Dragnea, a fost\u00a0 trimis \u00een judecat\u0103 de procurorii Direc\u0163iei Na\u0163ionale Anticorup\u0163ie \u00een 15 iulie 2016, pentru instigare la abuz \u00een serviciu \u015fi instigare la fals intelectual, fiind acuzat al\u0103turi de fosta sa so\u0163ie \u015fi de fo\u015fti angaja\u0163i ai DGASPC Teleorman.<\/p>\n<p>Potrivit procurorilor, \u00een perioada iulie 2006 &#8211; decembrie 2012, Liviu Dragnea, \u00een calitate de pre\u015fedinte al Consiliului Jude\u0163ean Teleorman, respectiv de pre\u015fedinte al PSD Teleorman, a determinat-o pe Floarea Alesu, la acea vreme director executiv al Direc\u0163iei Generale de Asisten\u0163\u0103 Social\u0103 \u015fi Protec\u0163ia Copilului Teleorman, s\u0103 \u00ee\u015fi \u00eencalce atribu\u0163iile de serviciu prin men\u0163inerea \u00een func\u0163ie \u015fi implicit plata drepturilor salariale pentru dou\u0103 angajate ale aceleia\u015fi institu\u0163ii &#8211; Adriana Botorogeanu \u015fi Anisa Stoica. &#8220;\u00cen realitate, cele dou\u0103 persoane \u015fi-au desf\u0103\u015furat activitatea la sediul organiza\u0163iei jude\u0163ene Teleorman a partidului politic al c\u0103rui pre\u015fedinte era inculpatul Dragnea Nicolae Liviu, aspect cunoscut de acesta din urm\u0103&#8221;, sus\u0163ine DNA.<\/p>\n<p>Fosta so\u0163ie a lui Dragnea, Bombonica Prodana, este acuzat\u0103 de abuz \u00een serviciu, al\u0103turi de fo\u015fti \u015fefii din Direc\u0163ia General\u0103 de Asisten\u0163\u0103 Social\u0103 \u015fi Protec\u0163ia Copilului Teleorman.\u00a0\n<\/p><\/div>\n<p> Source URL: https:\/\/observatornews.ro\/politic\/liviu-dragnea-in-fata-completului-care-il-judeca-pentru-angajari-fictive-sunt-tinta-dna-246087.html<\/p>\n","protected":false},"excerpt":{"rendered":"<p>Liderul PSD, Liviu Dragnea, a sus\u0163inut, miercuri, la instan\u0163a suprem\u0103, c\u0103 e \u0163inta DNA. Liderul PSD, Liviu Dragnea, a sus\u0163inut, miercuri, la instan\u0163a suprem\u0103, unde a fost audiat \u00een dosarul angaj\u0103rilor fictive de la Direc\u0163ia General\u0103 de Asisten\u0163\u0103 Social\u0103 \u015fi protec\u0163ia Copilului (DGASPC) Telorman, \u00een care este acuzat c\u0103 ar fi intervenit pentru angajarea la [&hellip;]<\/p>\n","protected":false},"author":1,"featured_media":340569,"comment_status":"open","ping_status":"","sticky":false,"template":"","format":"standard","meta":{"footnotes":""},"categories":[2],"tags":[30],"class_list":["post-340568","post","type-post","status-publish","format-standard","has-post-thumbnail","hentry","category-politics","tag-observatornews-ro"],"_links":{"self":[{"href":"https:\/\/analyse.optim.biz\/index.php?rest_route=\/wp\/v2\/posts\/340568","targetHints":{"allow":["GET"]}}],"collection":[{"href":"https:\/\/analyse.optim.biz\/index.php?rest_route=\/wp\/v2\/posts"}],"about":[{"href":"https:\/\/analyse.optim.biz\/index.php?rest_route=\/wp\/v2\/types\/post"}],"author":[{"embeddable":true,"href":"https:\/\/analyse.optim.biz\/index.php?rest_route=\/wp\/v2\/users\/1"}],"replies":[{"embeddable":true,"href":"https:\/\/analyse.optim.biz\/index.php?rest_route=%2Fwp%2Fv2%2Fcomments&post=340568"}],"version-history":[{"count":0,"href":"https:\/\/analyse.optim.biz\/index.php?rest_route=\/wp\/v2\/posts\/340568\/revisions"}],"wp:featuredmedia":[{"embeddable":true,"href":"https:\/\/analyse.optim.biz\/index.php?rest_route=\/wp\/v2\/media\/340569"}],"wp:attachment":[{"href":"https:\/\/analyse.optim.biz\/index.php?rest_route=%2Fwp%2Fv2%2Fmedia&parent=340568"}],"wp:term":[{"taxonomy":"category","embeddable":true,"href":"https:\/\/analyse.optim.biz\/index.php?rest_route=%2Fwp%2Fv2%2Fcategories&post=340568"},{"taxonomy":"post_tag","embeddable":true,"href":"https:\/\/analyse.optim.biz\/index.php?rest_route=%2Fwp%2Fv2%2Ftags&post=340568"}],"curies":[{"name":"wp","href":"https:\/\/api.w.org\/{rel}","templated":true}]}}