{"id":340480,"date":"2018-03-21T17:21:00","date_gmt":"2018-03-21T14:21:00","guid":{"rendered":"https:\/\/analyse.optim.biz\/?p=340480"},"modified":"2018-03-21T17:21:00","modified_gmt":"2018-03-21T14:21:00","slug":"psd-sustine-ca-nu-a-lucrat-in-campania-de-la-alegerile-din-2016-cu-cambridge-anlaytica","status":"publish","type":"post","link":"https:\/\/analyse.optim.biz\/?p=340480","title":{"rendered":"PSD sus\u0163ine c\u0103 nu a lucrat \u00een campania de la alegerile din 2016 cu Cambridge Anlaytica"},"content":{"rendered":"<div class=\"description\" data-key=\"description\">Partidul Social Democrat (PSD) a transmis miercuri, referitor la informa\u0163iile privind implicarea Cambridge Analytica \u00een campania PSD pentru alegerile din 2016.<\/div>\n<div class=\"articleBody\" data-key=\"articleBody\">Partidul Social Democrat (PSD) a transmis miercuri, referitor la informa\u0163iile privind implicarea Cambridge Analytica \u00een campania PSD pentru alegerile parlamentare din 2016, c\u0103 nu a lucrat cu aceast\u0103 companie \u015fi nici nu a solicitat vreodat\u0103 vreo colaborare.<\/p>\n<p>\u201cReferitor la zvonurile vehiculate \u00een pres\u0103 privind o presupus\u0103 colaborare \u00eentre Partidul Social Democrat \u015fi SCL Cambridge Analytica, preciz\u0103m c\u0103 PSD nu a lucrat cu aceast\u0103 companie \u015fi nici nu a solicitat o astfel de colaborare, nici \u00een perioada alegerilor generale din 2016, nici \u00eentr-o alt\u0103 perioad\u0103, \u00eenainte sau dup\u0103 acest scrutin electoral\u201d, se arat\u0103 \u00eentr-un comunicat de pres\u0103 al PSD.<\/p>\n<p>&#8220;\u00cen PSD? Nici vorb\u0103. Ar fi chiar culmea. Eu am \u00een\u0163eles c\u0103 \u00een alt\u0103 parte s-a implicat&#8221;, a declarat Dragnea, la ie\u015firea de la instan\u0163a suprem\u0103, \u00eentrebat de jurnali\u015fti despre implicarea Cambridge Analytica \u00een campania electoral\u0103 a PSD din 2016.<\/p>\n<p>De asemenea, lideul PSD, Liviu Dragnea, a comentat, miercuri, informa\u0163iile privind implicarea Cambridge Analytica \u00een campania PSD pentru alegerile parlamentare din 2016, el afirm\u00e2nd: &#8220;Nici vorb\u0103, ar fi culmea&#8221;.<\/p>\n<p>Un consultant britanic, Rupert Wolfe Murray, sus\u0163ine c\u0103 a fost abordat de Cambridge Analytica \u00eenaintea alegerilor parlamentare din Rom\u00e2nia, din 2016, pentru a lucra pentru Partidul Social Democrat, scrie abcnews.<\/p>\n<p>Conform sursei citate, Rupert Wolfe Murray a declarat miercuri pentru AP c\u0103 Mark Turnbull, reprezentant al Cambridge Analytica, l-a contactat \u00een august 2016.<\/p>\n<p>El a invocat un e-mail \u00een care Turnbull explica c\u0103 dou\u0103 persoane ar urma s\u0103 fie incluse \u00een echipa de campanie, pentru a oferi consiliere pe teme de strategie \u015fi asisten\u0163\u0103 \u00een timpul campaniei, pentru urm\u0103toarele dou\u0103 &#8211; trei luni.<\/p>\n<p>Wolfe Murray a sus\u0163inut c\u0103 a respuns oferta, pentru c\u0103 el nu lucreaz\u0103 pentru partide politice.<\/p>\n<p>Rupert Wolfe-Murray este jurnalist \u015fi regizor de documentare. El a scris pentru Dilema Veche \u015fi a locuit o vreme \u00een Rom\u00e2nia.<\/p>\n<p>Societatea de analiz\u0103 a datelor Cambridge Analytica se afl\u0103 \u00een centrul unui scandal, fiind acuzat\u0103 c\u0103 a cules informa\u0163ii private de la peste 50 de milioane de utilizatori Facebook f\u0103r\u0103 acordul acestora, cu scopul de a dezvolta tehnici de sus\u0163inere \u00een campania preziden\u0163ial\u0103 din 2016 a lui Donald Trump.\n<\/p><\/div>\n<p> Source URL: https:\/\/observatornews.ro\/politic\/psd-sustine-ca-nu-a-lucrat-in-campania-de-la-alegerile-din-2016-cu-cambridge-anlaytica-246120.html<\/p>\n","protected":false},"excerpt":{"rendered":"<p>Partidul Social Democrat (PSD) a transmis miercuri, referitor la informa\u0163iile privind implicarea Cambridge Analytica \u00een campania PSD pentru alegerile din 2016. Partidul Social Democrat (PSD) a transmis miercuri, referitor la informa\u0163iile privind implicarea Cambridge Analytica \u00een campania PSD pentru alegerile parlamentare din 2016, c\u0103 nu a lucrat cu aceast\u0103 companie \u015fi nici nu a solicitat [&hellip;]<\/p>\n","protected":false},"author":1,"featured_media":340481,"comment_status":"open","ping_status":"","sticky":false,"template":"","format":"standard","meta":{"footnotes":""},"categories":[2],"tags":[30],"class_list":["post-340480","post","type-post","status-publish","format-standard","has-post-thumbnail","hentry","category-politics","tag-observatornews-ro"],"_links":{"self":[{"href":"https:\/\/analyse.optim.biz\/index.php?rest_route=\/wp\/v2\/posts\/340480","targetHints":{"allow":["GET"]}}],"collection":[{"href":"https:\/\/analyse.optim.biz\/index.php?rest_route=\/wp\/v2\/posts"}],"about":[{"href":"https:\/\/analyse.optim.biz\/index.php?rest_route=\/wp\/v2\/types\/post"}],"author":[{"embeddable":true,"href":"https:\/\/analyse.optim.biz\/index.php?rest_route=\/wp\/v2\/users\/1"}],"replies":[{"embeddable":true,"href":"https:\/\/analyse.optim.biz\/index.php?rest_route=%2Fwp%2Fv2%2Fcomments&post=340480"}],"version-history":[{"count":0,"href":"https:\/\/analyse.optim.biz\/index.php?rest_route=\/wp\/v2\/posts\/340480\/revisions"}],"wp:featuredmedia":[{"embeddable":true,"href":"https:\/\/analyse.optim.biz\/index.php?rest_route=\/wp\/v2\/media\/340481"}],"wp:attachment":[{"href":"https:\/\/analyse.optim.biz\/index.php?rest_route=%2Fwp%2Fv2%2Fmedia&parent=340480"}],"wp:term":[{"taxonomy":"category","embeddable":true,"href":"https:\/\/analyse.optim.biz\/index.php?rest_route=%2Fwp%2Fv2%2Fcategories&post=340480"},{"taxonomy":"post_tag","embeddable":true,"href":"https:\/\/analyse.optim.biz\/index.php?rest_route=%2Fwp%2Fv2%2Ftags&post=340480"}],"curies":[{"name":"wp","href":"https:\/\/api.w.org\/{rel}","templated":true}]}}