{"id":340042,"date":"2018-03-29T06:48:00","date_gmt":"2018-03-29T03:48:00","guid":{"rendered":"https:\/\/analyse.optim.biz\/?p=340042"},"modified":"2018-03-29T06:48:00","modified_gmt":"2018-03-29T03:48:00","slug":"dosarul-mineriadei-sute-de-oameni-veniti-la-proces-ion-iliescu-si-ceilalti-inculpati-nu-s-au-prezentat","status":"publish","type":"post","link":"https:\/\/analyse.optim.biz\/?p=340042","title":{"rendered":"Dosarul Mineriadei, sute de oameni veni\u0163i la proces. Ion Iliescu \u015fi ceilal\u0163i inculpa\u0163i nu s-au prezentat"},"content":{"rendered":"<div class=\"description\" data-key=\"description\">Aproape o sut\u0103 de persoane au venit joi diminea\u0163a la Tribunalul Bucure\u015fti, \u00een calitate de p\u0103r\u0163i civile, \u00een dosarul &#8216;Mineriada din 13-15 iunie 1990&#8217;.<\/div>\n<div class=\"articleBody\" data-key=\"articleBody\">Aproape o sut\u0103 de persoane au venit joi diminea\u0163a la Tribunalul Bucure\u015fti, \u00een calitate de p\u0103r\u0163i civile, \u00een dosarul &#8216;Mineriada din 13-15 iunie 1990&#8217;, \u00eens\u0103 Ion Iliescu \u015fi ceilal\u0163i inculpa\u0163i nu s-au prezentat la proces.<\/p>\n<p>\u00a0 \u00a0Pre\u015fedintele Asocia\u0163iei 21 Decembrie 1989, Teodor M\u0103rie\u015f, a declarat c\u0103 Ion Iliescu are o atitudine &#8216;arogant\u0103&#8217; prin faptul c\u0103 nu vine la proces. M\u0103rie\u015f a mai spus c\u0103 acest dosar trebuie judecat c\u00e2t mai repede.<\/p>\n<p>\u00a0 \u00a0&#8216;Se a\u015fteapt\u0103 o decizie de at\u00e2\u0163ia ani. Trebuie s\u0103 fie o decizie rapid\u0103, pentru ca dosarul s\u0103 intre \u00een firesc, \u00een sensul de a fi \u00eenceput\u0103 judecata. Aceast\u0103 faz\u0103 preliminar\u0103 trebuie s\u0103 se \u00eencheie c\u00e2t mai repede&#8217;, a precizat M\u0103rie\u015f.<\/p>\n<p>\u00a0 \u00a0La r\u00e2ndul s\u0103u, pre\u015fedintele Asocia\u0163iei Victimelor Mineriadelor, Viorel Ene, a ar\u0103tat c\u0103 acest dosar a fost instrumentat &#8216;foarte prost&#8217;, deoarece procurorii au refuzat s\u0103 fac\u0103 cercet\u0103ri \u015fi pentru ce s-a \u00eent\u00e2mplat la Str\u0103ule\u015fti, unde au fost ucise patru persoane \u015fi 18 au fost r\u0103nite prin \u00eempu\u015fcare.<\/p>\n<p>\u00a0 \u00a0Viorel Ene a anun\u0163at c\u0103, la termenul trecut al procesului, a depus prin avoca\u0163i o cerere privind institutirea sechestrului pe averile inculpa\u0163ilor din acest dosar.<\/p>\n<p>\u00a0 \u00a0&#8216;Vrem tragerea la r\u0103spundere a celor vinova\u0163i \u015fi desp\u0103gubiri pentru cei care au avut de suferit. Facem o paralel\u0103, revolu\u0163ionarii au drepturi, au legi, pe c\u00e2nd victimele Mineriadei nu au primit niciun leu desp\u0103gubiri, nu au fost asista\u0163i, nu au primit ajutoare de la nimeni. Este o lupt\u0103 a noastr\u0103, pe care o ducem de 28 de ani cu sistemul&#8217;, a precizat Viorel Ene.<\/p>\n<p>\u00a0 \u00a0Pe 13 iunie 2017, Parchetul Militar i-a trimis \u00een judecat\u0103 pe: Ion Iliescu, la data faptelor pre\u015fedinte al Consiliului Provizoriu de Uniune Na\u0163ional\u0103 (CPUN) \u015fi pre\u015fedinte al Rom\u00e2niei; Petre Roman, fost prim-ministru; Gelu Voican Voiculescu, fost viceprim-ministru; Virgil M\u0103gureanu, fost director al Serviciului Rom\u00e2n de Informa\u0163ii, general (rez.) Mugurel Cristian Florescu, adjunct al procurorului general \u015fi \u015fef al Direc\u0163iei Procuraturilor Militare.<\/p>\n<p>\u00a0 \u00a0De asemenea, au fost deferi\u0163i justi\u0163iei: amiral (rez.) Emil &#8216;Cico&#8217; Dumitrescu, la data faptelor membru al CPUN \u015fi \u015fef al Direc\u0163iei Generale de Cultur\u0103, Pres\u0103 \u015fi Sport din cadrul Ministerului de Interne; Cazimir Ionescu, vicepre\u015fedinte al CPUN; Adrian S\u00e2rbu, \u015fef de cabinet \u015fi consilier al prim-ministrului; Miron Cozma, pre\u015fedinte al Biroului Executiv al Ligii Sindicatelor Miniere Libere &#8216;Valea Jiului&#8217;; Matei Drella, lider de sindicat la Exploatarea Minier\u0103 B\u0103rb\u0103teni; Pl\u0103ie\u015f Cornel Burlec, ministru adjunct la Ministerul Minelor; general (rez.) Vasile Dobrinoiu, comandant al \u015ecolii Militare Superioare de Ofi\u0163eri a Ministerului de Interne; colonel (rez.) Petre Petre, comandant al Unit\u0103\u0163ii Militare 0575 M\u0103gurele apar\u0163in\u00e2nd Ministerului de Interne; Alexandru Ghinescu, director al IMGB.<\/p>\n<p>\u00a0 \u00a0Procurorii militari sus\u0163in c\u0103, \u00een zilele de 11 \u015fi 12 iunie 1990, autorit\u0103\u0163ile statului au hot\u0103r\u00e2t s\u0103 declan\u015feze un atac violent \u00eempotriva manifestan\u0163ilor afla\u0163i \u00een Pia\u0163a Universit\u0103\u0163ii din Bucure\u015fti, care militau \u00een principal pentru adoptarea punctului 8 al Proclama\u0163iei de la Timi\u015foara \u015fi \u00ee\u015fi exprimau, \u00een mod pa\u015fnic, opiniile politice, \u00een contradic\u0163ie cu cele ale majorit\u0103\u0163ii care forma puterea politic\u0103 la acel moment.<\/p>\n<p>\u00a0 \u00a0\u00cen acest atac au fost implicate, \u00een mod nelegal, for\u0163e ale Ministerului de Interne, Ministerului Ap\u0103r\u0103rii Na\u0163ionale, SRI, precum \u015fi peste 10.000 de mineri \u015fi al\u0163i muncitori din mai multe zone ale \u0163\u0103rii.<\/p>\n<p>\u00a0 \u00a0Atacul a fost pus \u00een practic\u0103 \u00een diminea\u0163a zilei de 13 iunie 1990, av\u00e2nd urm\u0103toarele consecin\u0163e: moartea prin \u00eempu\u015fcare a 4 persoane, v\u0103t\u0103marea integrit\u0103\u0163ii fizice sau psihice a unui num\u0103r total de 1.388 de persoane, privarea de dreptul fundamental la libertate, din motive de ordin politic, a unui num\u0103r total de 1.250 de persoane.<\/p>\n<p>\u00a0 \u00a0\u00cen cadrul acestei ac\u0163iuni, peste 200 de persoane au fost ridicate \u015fi transportate la o unitate militar\u0103 a Ministerului de Interne din localitatea M\u0103gurele, unde au fost re\u0163inute p\u00e2n\u0103 \u00een dup\u0103-amiaza aceleia\u015fi zile, c\u00e2nd au fost l\u0103sate s\u0103 plece, dup\u0103 o cercetare sumar\u0103.<\/p>\n<p>\u00a0 \u00a0Fostul pre\u015fedinte Ion Iliescu este acuzat de procurorii militari c\u0103 el este cel care a dat ordinul pentru evacuarea \u00een for\u0163\u0103 a manifestan\u0163ilor din Pia\u0163a Universit\u0103\u0163ii, inclusiv prin folosirea unor muncitori din marile \u00eentreprinderi din Bucure\u015fti.<\/p>\n<p>Sursa: Agerpres\n<\/p><\/div>\n<p> Source URL: https:\/\/observatornews.ro\/politic\/dosarul-mineriadei-ion-iliescu-inculapati-proces-247039.html<\/p>\n","protected":false},"excerpt":{"rendered":"<p>Aproape o sut\u0103 de persoane au venit joi diminea\u0163a la Tribunalul Bucure\u015fti, \u00een calitate de p\u0103r\u0163i civile, \u00een dosarul &#8216;Mineriada din 13-15 iunie 1990&#8217;. Aproape o sut\u0103 de persoane au venit joi diminea\u0163a la Tribunalul Bucure\u015fti, \u00een calitate de p\u0103r\u0163i civile, \u00een dosarul &#8216;Mineriada din 13-15 iunie 1990&#8217;, \u00eens\u0103 Ion Iliescu \u015fi ceilal\u0163i inculpa\u0163i nu [&hellip;]<\/p>\n","protected":false},"author":1,"featured_media":340043,"comment_status":"open","ping_status":"","sticky":false,"template":"","format":"standard","meta":{"footnotes":""},"categories":[2],"tags":[30],"class_list":["post-340042","post","type-post","status-publish","format-standard","has-post-thumbnail","hentry","category-politics","tag-observatornews-ro"],"_links":{"self":[{"href":"https:\/\/analyse.optim.biz\/index.php?rest_route=\/wp\/v2\/posts\/340042","targetHints":{"allow":["GET"]}}],"collection":[{"href":"https:\/\/analyse.optim.biz\/index.php?rest_route=\/wp\/v2\/posts"}],"about":[{"href":"https:\/\/analyse.optim.biz\/index.php?rest_route=\/wp\/v2\/types\/post"}],"author":[{"embeddable":true,"href":"https:\/\/analyse.optim.biz\/index.php?rest_route=\/wp\/v2\/users\/1"}],"replies":[{"embeddable":true,"href":"https:\/\/analyse.optim.biz\/index.php?rest_route=%2Fwp%2Fv2%2Fcomments&post=340042"}],"version-history":[{"count":0,"href":"https:\/\/analyse.optim.biz\/index.php?rest_route=\/wp\/v2\/posts\/340042\/revisions"}],"wp:featuredmedia":[{"embeddable":true,"href":"https:\/\/analyse.optim.biz\/index.php?rest_route=\/wp\/v2\/media\/340043"}],"wp:attachment":[{"href":"https:\/\/analyse.optim.biz\/index.php?rest_route=%2Fwp%2Fv2%2Fmedia&parent=340042"}],"wp:term":[{"taxonomy":"category","embeddable":true,"href":"https:\/\/analyse.optim.biz\/index.php?rest_route=%2Fwp%2Fv2%2Fcategories&post=340042"},{"taxonomy":"post_tag","embeddable":true,"href":"https:\/\/analyse.optim.biz\/index.php?rest_route=%2Fwp%2Fv2%2Ftags&post=340042"}],"curies":[{"name":"wp","href":"https:\/\/api.w.org\/{rel}","templated":true}]}}