{"id":339962,"date":"2018-03-29T10:25:36","date_gmt":"2018-03-29T07:25:36","guid":{"rendered":"https:\/\/analyse.optim.biz\/?p=339962"},"modified":"2018-03-29T10:25:36","modified_gmt":"2018-03-29T07:25:36","slug":"razboiul-kovesi-ghita-se-muta-la-tribunal-sefa-dna-il-da-in-judecata-pe-fostul-deputat","status":"publish","type":"post","link":"https:\/\/analyse.optim.biz\/?p=339962","title":{"rendered":"R\u0103zboiul Kovesi-Ghi\u0163\u0103 se mut\u0103 la tribunal. \u015eefa DNA \u00eel d\u0103 \u00een judecat\u0103 pe fostul deputat"},"content":{"rendered":"<div class=\"description\" data-key=\"description\">Laura Codru\u0163a Kove\u015fi a anun\u0163at c\u0103 \u00eel va da \u00een judecat\u0103 pe fostul parlamentar, care a spus c\u0103 i-a dat banii s\u0103-\u015fi cumpere ma\u015fin\u0103.<\/div>\n<div class=\"articleBody\" data-key=\"articleBody\">Laura Codru\u0163a Kove\u015fi a anun\u0163at c\u0103 \u00eel va da \u00een judecat\u0103 pe fostul parlamentar, care a spus c\u0103 i-a dat banii s\u0103-\u015fi cumpere ma\u015fin\u0103. \u015eefa DNA a catalogat afirma\u0163iile omului de afaceri drept o &#8220;minciun\u0103 incalificabil\u0103&#8221; \u015fi a negat \u00eentreaga poveste.\n<\/div>\n<p> Source URL: https:\/\/observatornews.ro\/politic\/razboiul-kovesighita-se-muta-la-tribunal-sefa-dna-il-da-in-judecata-pe-fostul-deputat-247066.html<\/p>\n","protected":false},"excerpt":{"rendered":"<p>Laura Codru\u0163a Kove\u015fi a anun\u0163at c\u0103 \u00eel va da \u00een judecat\u0103 pe fostul parlamentar, care a spus c\u0103 i-a dat banii s\u0103-\u015fi cumpere ma\u015fin\u0103. Laura Codru\u0163a Kove\u015fi a anun\u0163at c\u0103 \u00eel va da \u00een judecat\u0103 pe fostul parlamentar, care a spus c\u0103 i-a dat banii s\u0103-\u015fi cumpere ma\u015fin\u0103. \u015eefa DNA a catalogat afirma\u0163iile omului de [&hellip;]<\/p>\n","protected":false},"author":1,"featured_media":339963,"comment_status":"open","ping_status":"","sticky":false,"template":"","format":"standard","meta":{"footnotes":""},"categories":[2],"tags":[30],"class_list":["post-339962","post","type-post","status-publish","format-standard","has-post-thumbnail","hentry","category-politics","tag-observatornews-ro"],"_links":{"self":[{"href":"https:\/\/analyse.optim.biz\/index.php?rest_route=\/wp\/v2\/posts\/339962","targetHints":{"allow":["GET"]}}],"collection":[{"href":"https:\/\/analyse.optim.biz\/index.php?rest_route=\/wp\/v2\/posts"}],"about":[{"href":"https:\/\/analyse.optim.biz\/index.php?rest_route=\/wp\/v2\/types\/post"}],"author":[{"embeddable":true,"href":"https:\/\/analyse.optim.biz\/index.php?rest_route=\/wp\/v2\/users\/1"}],"replies":[{"embeddable":true,"href":"https:\/\/analyse.optim.biz\/index.php?rest_route=%2Fwp%2Fv2%2Fcomments&post=339962"}],"version-history":[{"count":0,"href":"https:\/\/analyse.optim.biz\/index.php?rest_route=\/wp\/v2\/posts\/339962\/revisions"}],"wp:featuredmedia":[{"embeddable":true,"href":"https:\/\/analyse.optim.biz\/index.php?rest_route=\/wp\/v2\/media\/339963"}],"wp:attachment":[{"href":"https:\/\/analyse.optim.biz\/index.php?rest_route=%2Fwp%2Fv2%2Fmedia&parent=339962"}],"wp:term":[{"taxonomy":"category","embeddable":true,"href":"https:\/\/analyse.optim.biz\/index.php?rest_route=%2Fwp%2Fv2%2Fcategories&post=339962"},{"taxonomy":"post_tag","embeddable":true,"href":"https:\/\/analyse.optim.biz\/index.php?rest_route=%2Fwp%2Fv2%2Ftags&post=339962"}],"curies":[{"name":"wp","href":"https:\/\/api.w.org\/{rel}","templated":true}]}}