{"id":339347,"date":"2018-04-10T16:19:58","date_gmt":"2018-04-10T13:19:58","guid":{"rendered":"https:\/\/analyse.optim.biz\/?p=339347"},"modified":"2018-04-10T16:19:58","modified_gmt":"2018-04-10T13:19:58","slug":"soarta-celor-peste-100-de-mii-de-romani-afectati-de-scandalul-facebook-decisa-in-parlamentul-romaniei","status":"publish","type":"post","link":"https:\/\/analyse.optim.biz\/?p=339347","title":{"rendered":"Soarta celor peste 100 de mii de rom\u00e2ni afecta\u0163i de scandalul Facebook, decis\u0103 \u00een Parlamentul Rom\u00e2niei"},"content":{"rendered":"<div class=\"description\" data-key=\"description\">Scandalul privind scurgerea de date personale de pe Facebook a ajuns \u00een Parlamentul Rom\u00e2niei. M\u00e2ine, parlamentarii vor discuta despre acest lucru.<\/div>\n<div class=\"articleBody\" data-key=\"articleBody\">Scandalul privind scurgerea de date personale de pe Facebook a ajuns \u00een Parlamentul Rom\u00e2niei. M\u00e2ine, parlamentarii vor discuta despre acest lucru. Datele a peste 112.000\u00a0de utilizatori din \u0163ara noastr\u0103 au fost accesate ilegal. Ce decizii se pot lua \u015fi la noi dup\u0103 acest scandal de propor\u0163ii.\n<\/div>\n<p> Source URL: https:\/\/observatornews.ro\/politic\/soarta-romani-afectati-scandal-facebook-decisa-in-parlament-248525.html<\/p>\n","protected":false},"excerpt":{"rendered":"<p>Scandalul privind scurgerea de date personale de pe Facebook a ajuns \u00een Parlamentul Rom\u00e2niei. M\u00e2ine, parlamentarii vor discuta despre acest lucru. Scandalul privind scurgerea de date personale de pe Facebook a ajuns \u00een Parlamentul Rom\u00e2niei. M\u00e2ine, parlamentarii vor discuta despre acest lucru. Datele a peste 112.000\u00a0de utilizatori din \u0163ara noastr\u0103 au fost accesate ilegal. Ce [&hellip;]<\/p>\n","protected":false},"author":1,"featured_media":339348,"comment_status":"open","ping_status":"","sticky":false,"template":"","format":"standard","meta":{"footnotes":""},"categories":[2],"tags":[30],"class_list":["post-339347","post","type-post","status-publish","format-standard","has-post-thumbnail","hentry","category-politics","tag-observatornews-ro"],"_links":{"self":[{"href":"https:\/\/analyse.optim.biz\/index.php?rest_route=\/wp\/v2\/posts\/339347","targetHints":{"allow":["GET"]}}],"collection":[{"href":"https:\/\/analyse.optim.biz\/index.php?rest_route=\/wp\/v2\/posts"}],"about":[{"href":"https:\/\/analyse.optim.biz\/index.php?rest_route=\/wp\/v2\/types\/post"}],"author":[{"embeddable":true,"href":"https:\/\/analyse.optim.biz\/index.php?rest_route=\/wp\/v2\/users\/1"}],"replies":[{"embeddable":true,"href":"https:\/\/analyse.optim.biz\/index.php?rest_route=%2Fwp%2Fv2%2Fcomments&post=339347"}],"version-history":[{"count":0,"href":"https:\/\/analyse.optim.biz\/index.php?rest_route=\/wp\/v2\/posts\/339347\/revisions"}],"wp:featuredmedia":[{"embeddable":true,"href":"https:\/\/analyse.optim.biz\/index.php?rest_route=\/wp\/v2\/media\/339348"}],"wp:attachment":[{"href":"https:\/\/analyse.optim.biz\/index.php?rest_route=%2Fwp%2Fv2%2Fmedia&parent=339347"}],"wp:term":[{"taxonomy":"category","embeddable":true,"href":"https:\/\/analyse.optim.biz\/index.php?rest_route=%2Fwp%2Fv2%2Fcategories&post=339347"},{"taxonomy":"post_tag","embeddable":true,"href":"https:\/\/analyse.optim.biz\/index.php?rest_route=%2Fwp%2Fv2%2Ftags&post=339347"}],"curies":[{"name":"wp","href":"https:\/\/api.w.org\/{rel}","templated":true}]}}