{"id":339341,"date":"2018-04-11T09:39:00","date_gmt":"2018-04-11T06:39:00","guid":{"rendered":"https:\/\/analyse.optim.biz\/?p=339341"},"modified":"2018-04-11T09:39:00","modified_gmt":"2018-04-11T06:39:00","slug":"monitorul-oficial-va-trece-sub-autoritatea-camerei-deputatilor","status":"publish","type":"post","link":"https:\/\/analyse.optim.biz\/?p=339341","title":{"rendered":"Monitorul Oficial va trece sub autoritatea Camerei Deputa\u0163ilor"},"content":{"rendered":"<div class=\"description\" data-key=\"description\">Regia autonom\u0103 Monitorul Oficial va func\u0163iona sub autoritatea Camerei, prevede un proiect de lege adoptat miercuri de deputa\u0163i.<\/div>\n<div class=\"articleBody\" data-key=\"articleBody\">Regia autonom\u0103 Monitorul Oficial func\u0163ioneaz\u0103 sub autoritatea Camerei &#8211; prevede un proiect de lege adoptat miercuri de deputa\u0163i.<\/p>\n<p>\u00a0 \u00a0&#8216;Regia autonom\u0103 Monitorul Oficial se organizeaz\u0103 ca regie autonom\u0103 sub autoritatea Camerei Deputa\u0163ilor. Editorul Monitorului Oficial este Camera Deputa\u0163ilor. Actele care se public\u0103 \u00een Monitorul Oficial, partea \u00eent\u00e2i \u015fi partea a doua, se \u00eenainteaz\u0103 secretarului general al Camerei Deputa\u0163ilor \u00een copie certificate de c\u0103tre autorit\u0103\u0163ile emitente, sub semn\u0103tura conduc\u0103torului acestora sau a loc\u0163iitorului s\u0103u. Secretarul \u00a0general al Camerei transmite Regiei autonome Monitorul Oficial spre publicare actele prev\u0103zute la articolul 1&#8217;, se arat\u0103 \u00een proiect.<\/p>\n<p>\u00a0 \u00a0Acesta mai prevede c\u0103 retragerea actelor de la publicare se poate face numai de c\u0103tre cel care a solicitat publicarea, cu \u00eencuviin\u0163area secretarului general al Camerei \u015fi cu suportarea de c\u0103tre solicitant a cheltuielilor aferente efectuate de Regia autonom\u0103 Monitorul Oficial \u00een procesul de editare \u015fi publicare.<\/p>\n<p>\u00a0 \u00a0&#8216;Monitorul Oficial &#8211; Partea 1 &#8211; se editeaz\u0103 \u00een traducere \u015fi \u00een limba maghiar\u0103. Pentru Partea 1 \u00een limba maghiar\u0103 cheltuielile de publicare se suport\u0103 din bugetul Camerei Deputa\u0163ilor&#8217;, se precizeaz\u0103 \u00een ini\u0163iativa legislativ\u0103.<\/p>\n<p>\u00a0 \u00a0Proiectul a fost reexaminat la cererea pre\u015fedintelui Klaus Iohannis. El a fost adoptat de Senat, iar Camera este for decizional pentru el.\u00a0<\/p>\n<p>Sursa: Agerpres\n<\/p><\/div>\n<p> Source URL: https:\/\/observatornews.ro\/politic\/monitorul-oficial-sub-autoritatea-camerei-deputatilor-248598.html<\/p>\n","protected":false},"excerpt":{"rendered":"<p>Regia autonom\u0103 Monitorul Oficial va func\u0163iona sub autoritatea Camerei, prevede un proiect de lege adoptat miercuri de deputa\u0163i. Regia autonom\u0103 Monitorul Oficial func\u0163ioneaz\u0103 sub autoritatea Camerei &#8211; prevede un proiect de lege adoptat miercuri de deputa\u0163i. \u00a0 \u00a0&#8216;Regia autonom\u0103 Monitorul Oficial se organizeaz\u0103 ca regie autonom\u0103 sub autoritatea Camerei Deputa\u0163ilor. Editorul Monitorului Oficial este Camera [&hellip;]<\/p>\n","protected":false},"author":1,"featured_media":339342,"comment_status":"open","ping_status":"","sticky":false,"template":"","format":"standard","meta":{"footnotes":""},"categories":[2],"tags":[30],"class_list":["post-339341","post","type-post","status-publish","format-standard","has-post-thumbnail","hentry","category-politics","tag-observatornews-ro"],"_links":{"self":[{"href":"https:\/\/analyse.optim.biz\/index.php?rest_route=\/wp\/v2\/posts\/339341","targetHints":{"allow":["GET"]}}],"collection":[{"href":"https:\/\/analyse.optim.biz\/index.php?rest_route=\/wp\/v2\/posts"}],"about":[{"href":"https:\/\/analyse.optim.biz\/index.php?rest_route=\/wp\/v2\/types\/post"}],"author":[{"embeddable":true,"href":"https:\/\/analyse.optim.biz\/index.php?rest_route=\/wp\/v2\/users\/1"}],"replies":[{"embeddable":true,"href":"https:\/\/analyse.optim.biz\/index.php?rest_route=%2Fwp%2Fv2%2Fcomments&post=339341"}],"version-history":[{"count":0,"href":"https:\/\/analyse.optim.biz\/index.php?rest_route=\/wp\/v2\/posts\/339341\/revisions"}],"wp:featuredmedia":[{"embeddable":true,"href":"https:\/\/analyse.optim.biz\/index.php?rest_route=\/wp\/v2\/media\/339342"}],"wp:attachment":[{"href":"https:\/\/analyse.optim.biz\/index.php?rest_route=%2Fwp%2Fv2%2Fmedia&parent=339341"}],"wp:term":[{"taxonomy":"category","embeddable":true,"href":"https:\/\/analyse.optim.biz\/index.php?rest_route=%2Fwp%2Fv2%2Fcategories&post=339341"},{"taxonomy":"post_tag","embeddable":true,"href":"https:\/\/analyse.optim.biz\/index.php?rest_route=%2Fwp%2Fv2%2Ftags&post=339341"}],"curies":[{"name":"wp","href":"https:\/\/api.w.org\/{rel}","templated":true}]}}