{"id":339291,"date":"2018-04-11T11:31:00","date_gmt":"2018-04-11T08:31:00","guid":{"rendered":"https:\/\/analyse.optim.biz\/?p=339291"},"modified":"2018-04-11T11:31:00","modified_gmt":"2018-04-11T08:31:00","slug":"claudiu-manda-a-anuntat-ca-fostul-sef-ani-horia-georgescu-va-fi-audiat-joi-in-comisia-sri","status":"publish","type":"post","link":"https:\/\/analyse.optim.biz\/?p=339291","title":{"rendered":"Claudiu Manda a anun\u0163at c\u0103 fostul \u015fef ANI, Horia Georgescu va fi audiat joi \u00een Comisia SRI"},"content":{"rendered":"<div class=\"description\" data-key=\"description\">Claudiu Manda a anun\u0163at c\u0103 joi va fi audiat fostul \u015fef al Agen\u0163iei Na\u0163ionale de Integritate, Horia Georgescu.<\/div>\n<div class=\"articleBody\" data-key=\"articleBody\">Pre\u015fedintele Comisiei de control parlamentar al SRI, Claudiu Manda, a anun\u0163at c\u0103 joi va fi audiat fostul \u015fef al Agen\u0163iei Na\u0163ionale de Integritate, Horia Georgescu. Manda spune c\u0103 audierea va avea loc \u00een condi\u0163iile \u00een care exist\u0103 neconcordan\u0163e \u00eentre declara\u0163iile lui George Maior \u015fi ale lui Horia Georgescu de la audieri.<\/p>\n<p>\u201dM\u00e2ine (joi &#8211; n.r.) diminea\u0163\u0103, la ora 11.00, o s\u0103 avem \u015fedin\u0163\u0103 de comisie. O s\u0103 avem audierea domnului Horia Georgescu. Sunt c\u00e2teva lucruri pe care vrem s\u0103 le l\u0103murim, neconcordan\u0163e \u00eentre declara\u0163iile f\u0103cute de domnul Maior la audiere \u015fi de domnul Horia Georgescu. Inclusiv dup\u0103 audierea domnului Maior, domnul Horia Georgescu a ap\u0103rut \u00een spa\u0163iul public \u015fi a f\u0103cut o serie de afirma\u0163ii \u015fi declara\u0163ii \u00een plus. Am avut o discu\u0163ie cu domnia sa \u015fi a confirmat c\u0103 va veni m\u00e2ine. \u00cen\u0163eleg c\u0103 va veni cu probe \u015fi va sus\u0163ine lucruri pe care nu le-a mai spus p\u00e2n\u0103 acum \u00een fa\u0163a comisiei, s\u0103 dovedeasc\u0103 unele lucruri care presupune a fi neadev\u0103rate \u00een cele spuse de domnul Maior\u201d, a declarat Claudiu Manda.<\/p>\n<p>Horia Georgescu a mai fost audiat \u00een comisiai SRI pe 15 noiembrie 2017, iar Manda declara atunci c\u0103 acesta\u00a0a prezentat o list\u0103 de persoane din zona politic\u0103 &#8211; PSD, PNL, PDL &#8211; \u015fi a insitu\u0163iilor de for\u0163\u0103 \u015fi din zona justi\u0163iei, care mergeau la anivers\u0103ri la sediul K2 al SRI.<\/p>\n<p>&#8220;Ne-a relatat despre o zi onomastic\u0103 a domniei sale la care au participat persoane din conducerea SRI \u015fi persoane politice. Ne-a relatat despre zile de na\u015ftere ale \u015fefului SRI la vremea respectiv\u0103 \u015fi ale prim-adjunctului la vremea respectiv\u0103 care se \u0163ineau la sediul de la K2 \u015fi la care participau diferite persoane din zona politic\u0103, din zona institu\u0163iilor de for\u0163\u0103 \u015fi a enumerat cred toate institu\u0163iile de for\u0163\u0103\u00a0 &#8211; nou\u0103 ne-a prezentat aceast\u0103 list\u0103, nu pot da nume, sunt o parte persoae politice de la PSD, de la PDL, PNL \u015fi tot ce \u00eenseamn\u0103 zona de for\u0163\u0103 din Ministerul Justi\u0163iei \u015fi institu\u0163iile de for\u0163\u0103 ale statului&#8221;, declara atunci Claudiu Manda.<\/p>\n<p>Surs\u0103: News.ro\n<\/p><\/div>\n<p> Source URL: https:\/\/observatornews.ro\/politic\/horia-georgescu-audiat-joi-comisia-sri-248625.html<\/p>\n","protected":false},"excerpt":{"rendered":"<p>Claudiu Manda a anun\u0163at c\u0103 joi va fi audiat fostul \u015fef al Agen\u0163iei Na\u0163ionale de Integritate, Horia Georgescu. Pre\u015fedintele Comisiei de control parlamentar al SRI, Claudiu Manda, a anun\u0163at c\u0103 joi va fi audiat fostul \u015fef al Agen\u0163iei Na\u0163ionale de Integritate, Horia Georgescu. Manda spune c\u0103 audierea va avea loc \u00een condi\u0163iile \u00een care exist\u0103 [&hellip;]<\/p>\n","protected":false},"author":1,"featured_media":339292,"comment_status":"open","ping_status":"","sticky":false,"template":"","format":"standard","meta":{"footnotes":""},"categories":[2],"tags":[30],"class_list":["post-339291","post","type-post","status-publish","format-standard","has-post-thumbnail","hentry","category-politics","tag-observatornews-ro"],"_links":{"self":[{"href":"https:\/\/analyse.optim.biz\/index.php?rest_route=\/wp\/v2\/posts\/339291","targetHints":{"allow":["GET"]}}],"collection":[{"href":"https:\/\/analyse.optim.biz\/index.php?rest_route=\/wp\/v2\/posts"}],"about":[{"href":"https:\/\/analyse.optim.biz\/index.php?rest_route=\/wp\/v2\/types\/post"}],"author":[{"embeddable":true,"href":"https:\/\/analyse.optim.biz\/index.php?rest_route=\/wp\/v2\/users\/1"}],"replies":[{"embeddable":true,"href":"https:\/\/analyse.optim.biz\/index.php?rest_route=%2Fwp%2Fv2%2Fcomments&post=339291"}],"version-history":[{"count":0,"href":"https:\/\/analyse.optim.biz\/index.php?rest_route=\/wp\/v2\/posts\/339291\/revisions"}],"wp:featuredmedia":[{"embeddable":true,"href":"https:\/\/analyse.optim.biz\/index.php?rest_route=\/wp\/v2\/media\/339292"}],"wp:attachment":[{"href":"https:\/\/analyse.optim.biz\/index.php?rest_route=%2Fwp%2Fv2%2Fmedia&parent=339291"}],"wp:term":[{"taxonomy":"category","embeddable":true,"href":"https:\/\/analyse.optim.biz\/index.php?rest_route=%2Fwp%2Fv2%2Fcategories&post=339291"},{"taxonomy":"post_tag","embeddable":true,"href":"https:\/\/analyse.optim.biz\/index.php?rest_route=%2Fwp%2Fv2%2Ftags&post=339291"}],"curies":[{"name":"wp","href":"https:\/\/api.w.org\/{rel}","templated":true}]}}