{"id":339289,"date":"2018-04-11T11:37:00","date_gmt":"2018-04-11T08:37:00","guid":{"rendered":"https:\/\/analyse.optim.biz\/?p=339289"},"modified":"2018-04-11T11:37:00","modified_gmt":"2018-04-11T08:37:00","slug":"intalnire-dragnea-dancila-la-parlament-la-discutii-participa-si-ministrul-muncii","status":"publish","type":"post","link":"https:\/\/analyse.optim.biz\/?p=339289","title":{"rendered":"\u00cent\u00e2lnire Dragnea-D\u0103ncil\u0103, la Parlament. La discu\u0163ii particip\u0103 \u015fi ministrul Muncii"},"content":{"rendered":"<div class=\"description\" data-key=\"description\">Premierul Viorica D\u0103ncil\u0103 are o \u00eent\u00e2lnire, la aceast\u0103 or\u0103, cu pre\u015fedintele PSD, Liviu Dragnea, la biroul acestuia de la Camera Deputa\u0163ilor.<\/div>\n<div class=\"articleBody\" data-key=\"articleBody\">Premierul Viorica D\u0103ncil\u0103 are o \u00eent\u00e2lnire, la aceast\u0103 or\u0103, cu pre\u015fedintele PSD, Liviu Dragnea, la biroul acestuia de la Camera Deputa\u0163ilor.<\/p>\n<p>La discu\u0163ie particip\u0103 \u015fi ministrul Muncii, Lia Olgu\u0163a Vasilescu.<\/p>\n<p>\u00cen urm\u0103 cu o s\u0103pt\u0103m\u00e2n\u0103, pre\u015fedintele Klaus Iohannis a avut o \u00eent\u00e2lnire, la Palatul Cotroceni, cu Viorica D\u0103ncil\u0103 \u015fi Lia Olgu\u0163a Vasilescu, la finalul c\u0103reia Administra\u0163ia preziden\u0163ial\u0103 a dat publicit\u0103\u0163ii un comunicat \u00een care se ar\u0103ta c\u0103 pre\u015fedintele Klaus Iohannis a aten\u0163ionat Guvernul asupra faptului c\u0103, dup\u0103 primele trei luni de aplicare, efectele noii legisla\u0163ii privind salarizarea personalului pl\u0103tit din fonduri publice arat\u0103 c\u0103 legea se afl\u0103 \u00een contradic\u0163ie cu principiile egalit\u0103\u0163ii \u015fi predictibilit\u0103\u0163ii de la care a emanat, \u00een condi\u0163iile \u00een care s-a intervenit cu excep\u0163ii punctuale pentru diferite categorii de personal, ceea ce anuleaz\u0103 inclusiv caracterul unitar al inten\u0163iei legislative.<\/p>\n<p>Sursa: News.ro\n<\/p><\/div>\n<p> Source URL: https:\/\/observatornews.ro\/politic\/intalnire-dragnea-dancila-la-parlament-248627.html<\/p>\n","protected":false},"excerpt":{"rendered":"<p>Premierul Viorica D\u0103ncil\u0103 are o \u00eent\u00e2lnire, la aceast\u0103 or\u0103, cu pre\u015fedintele PSD, Liviu Dragnea, la biroul acestuia de la Camera Deputa\u0163ilor. Premierul Viorica D\u0103ncil\u0103 are o \u00eent\u00e2lnire, la aceast\u0103 or\u0103, cu pre\u015fedintele PSD, Liviu Dragnea, la biroul acestuia de la Camera Deputa\u0163ilor. La discu\u0163ie particip\u0103 \u015fi ministrul Muncii, Lia Olgu\u0163a Vasilescu. \u00cen urm\u0103 cu o [&hellip;]<\/p>\n","protected":false},"author":1,"featured_media":339290,"comment_status":"open","ping_status":"","sticky":false,"template":"","format":"standard","meta":{"footnotes":""},"categories":[2],"tags":[30],"class_list":["post-339289","post","type-post","status-publish","format-standard","has-post-thumbnail","hentry","category-politics","tag-observatornews-ro"],"_links":{"self":[{"href":"https:\/\/analyse.optim.biz\/index.php?rest_route=\/wp\/v2\/posts\/339289","targetHints":{"allow":["GET"]}}],"collection":[{"href":"https:\/\/analyse.optim.biz\/index.php?rest_route=\/wp\/v2\/posts"}],"about":[{"href":"https:\/\/analyse.optim.biz\/index.php?rest_route=\/wp\/v2\/types\/post"}],"author":[{"embeddable":true,"href":"https:\/\/analyse.optim.biz\/index.php?rest_route=\/wp\/v2\/users\/1"}],"replies":[{"embeddable":true,"href":"https:\/\/analyse.optim.biz\/index.php?rest_route=%2Fwp%2Fv2%2Fcomments&post=339289"}],"version-history":[{"count":0,"href":"https:\/\/analyse.optim.biz\/index.php?rest_route=\/wp\/v2\/posts\/339289\/revisions"}],"wp:featuredmedia":[{"embeddable":true,"href":"https:\/\/analyse.optim.biz\/index.php?rest_route=\/wp\/v2\/media\/339290"}],"wp:attachment":[{"href":"https:\/\/analyse.optim.biz\/index.php?rest_route=%2Fwp%2Fv2%2Fmedia&parent=339289"}],"wp:term":[{"taxonomy":"category","embeddable":true,"href":"https:\/\/analyse.optim.biz\/index.php?rest_route=%2Fwp%2Fv2%2Fcategories&post=339289"},{"taxonomy":"post_tag","embeddable":true,"href":"https:\/\/analyse.optim.biz\/index.php?rest_route=%2Fwp%2Fv2%2Ftags&post=339289"}],"curies":[{"name":"wp","href":"https:\/\/api.w.org\/{rel}","templated":true}]}}