{"id":338226,"date":"2018-04-27T07:24:00","date_gmt":"2018-04-27T04:24:00","guid":{"rendered":"https:\/\/analyse.optim.biz\/?p=338226"},"modified":"2018-04-27T07:24:00","modified_gmt":"2018-04-27T04:24:00","slug":"dancila-il-refuza-pe-iohannis-si-nu-mai-merge-la-cotroceni-presedintele-face-declaratii-la-ora-11-00","status":"publish","type":"post","link":"https:\/\/analyse.optim.biz\/?p=338226","title":{"rendered":"D\u0103ncil\u0103 \u00eel refuz\u0103 pe Iohannis \u015fi nu mai merge la Cotroceni! Pre\u015fedintele face declara\u0163ii la ora 11.00"},"content":{"rendered":"<div class=\"articleBody\" data-key=\"articleBody\">R\u0103sturnare de situa\u0163ie \u00een cazul \u00eent\u00e2lnirii D\u0103ncil\u0103 &#8211; Iohannis. Pre\u015fedintele Rom\u00e2niei a anun\u0163at c\u0103 va face c\u00e2teva declara\u0163ii, dup\u0103 ce premierul Viorica D\u0103ncil\u0103 a anun\u0163at c\u0103 nu va veni la Cotroceni.<\/p>\n<p>Actualizare ora 11:12\u00a0&#8211; Pre\u015fedintele Klaus Iohannis spune c\u0103 Viorica D\u0103ncil\u0103 nu face fa\u0163\u0103 pozi\u0163iei de prim-ministru al Rom\u00e2niei \u015fi i-a cerut public demisia, spun\u00e2nd c\u0103 \u00eei retrage \u00eencrederea.<\/p>\n<p>Actualizare ora 11:10 &#8211;\u00a0Pre\u015fedintele Klaus Iohannis a declarat\u00a0c\u0103 BNR nu poate fi acaparat politic de PSD, c\u0103 a dori s\u0103 medieze \u00eentre Guvern \u015fi PSD pe de o parte \u015fi BNR de cealalt\u0103 parte, afirm\u00e2nd c\u0103 &#8220;doamna D\u0103ncil\u0103 nu a \u00een\u0163eles acest lucru&#8221;.<\/p>\n<p>INFORMARESet\u0103rile tale privind cookie-urile nu permit afi\u0219area con\u021binutului din aceast\u0103 zon\u0103. E necesar s\u0103 accep\u021bi cookie-urile social media pentru afisarea acestui tip de con\u021binut. Modific\u0103 set\u0103rile<\/p>\n<p>Guvernul a comunicat, \u00een urm\u0103 cu pu\u0163in timp, la Cabinetul Pre\u0219edintelui Rom\u00e2niei, faptul c\u0103 premierul D\u0103ncil\u0103 nu va veni ast\u0103zi la Cotroceni.\u00a0<\/p>\n<p>\u00cen replic\u0103, pre\u0219edintele Rom\u00e2niei va sus\u021bine ast\u0103zi o declara\u021bie\u00a0\u00een jurul orei 11:00.<\/p>\n<p>Pre\u015fedintele Klaus Iohannis ar fi urmat s\u0103 se \u00eent\u00e2lneasc\u0103 vineri, la Palatul Cotroceni, cu premierul Viorica D\u0103ncil\u0103, dup\u0103 ce miercuri a avut discu\u0163ii cu guvernatorul \u015fi cu prim-viceguvernatorul BNR, \u00een \u00eencercarea de a media conflictul dintre Guvern \u015fi Banca Na\u0163ional\u0103.<\/p>\n<p>\u00cent\u00e2lnirea a fost anun\u0163at\u0103 vineri de Administra\u0163ia Preziden\u0163ial\u0103, \u00eens\u0103 nu se reg\u0103sea pe agenda Vioric\u0103i D\u0103ncil\u0103.<\/p>\n<p>Ulterior, Administra\u0163ia prezien\u0163ial\u0103 a transmis c\u0103 premieurl a comunicat c\u0103 nu particip\u0103 la \u00eent\u00e2lnire, fiind anun\u0163at\u0103 pentur ora 11:00 o deeclara\u0163ie de pres\u0103 a pre\u015fedintelui.<\/p>\n<p>Iohannis spunea c\u0103 sper\u0103 ca \u00eentr-un viitor foarte apropiat cele dou\u0103 p\u0103r\u0163i s\u0103 se \u00een\u0163eleag\u0103, s\u0103 se \u00eent\u00e2lneasc\u0103 \u015fi s\u0103 clarifice problemele, fiindc\u0103 &#8220;nu sunt normale aceste abord\u0103ri contondente \u00eentre dou\u0103 entit\u0103\u0163i din arhitectura statulului\u201d. De asemenea, \u015feful statului afirma c\u0103 la \u00eent\u00e2lnirea de vineri o va \u00eentreba pe Viorica D\u0103ncil\u0103 \u00een ce calitate a plecat \u00een Israel, &#8220;f\u0103r\u0103 s\u0103 sufle o vorb\u0103&#8221; \u015fi s\u0103 \u00eei dea m\u0103car un telefon, din polite\u0163e.<\/p>\n<p>Liderul PSD, Liviu Dragnea, l-a atacat dur pe pre\u015fedintele Klaus Iohannis pentru faptul c\u0103 &#8220;a convocat-o la Cotroceni pe premierul Viorica D\u0103ncil\u0103, declar\u00e2nd, joi sear\u0103, la Antena 3, c\u0103 &#8220;a inventat un conflict&#8221; \u00eentre Guvern \u015fi Banca Na\u0163ional\u0103, iar &#8220;a\u015fa ceva nu poate fi acceptat&#8221;.<\/p>\n<p>&#8220;Nu putem s\u0103 continu\u0103m a\u015fa, s\u0103 vedem c\u0103 nu se \u00eent\u00e2mpl\u0103 nimic \u015fi to\u0163i s\u0103 fim ni\u015fte pioni pe o strategie de campanie electoral\u0103 a pre\u015fedintelui Rom\u00e2niei&#8221;, a afirmat Dragnea.\n<\/p><\/div>\n<p> Source URL: https:\/\/observatornews.ro\/politic\/viorica-dancila-nu-mai-merge-la-cotroceni-iohannis-declaratii-la-ora-1100-250775.html<\/p>\n","protected":false},"excerpt":{"rendered":"<p>R\u0103sturnare de situa\u0163ie \u00een cazul \u00eent\u00e2lnirii D\u0103ncil\u0103 &#8211; Iohannis. Pre\u015fedintele Rom\u00e2niei a anun\u0163at c\u0103 va face c\u00e2teva declara\u0163ii, dup\u0103 ce premierul Viorica D\u0103ncil\u0103 a anun\u0163at c\u0103 nu va veni la Cotroceni. Actualizare ora 11:12\u00a0&#8211; Pre\u015fedintele Klaus Iohannis spune c\u0103 Viorica D\u0103ncil\u0103 nu face fa\u0163\u0103 pozi\u0163iei de prim-ministru al Rom\u00e2niei \u015fi i-a cerut public demisia, spun\u00e2nd [&hellip;]<\/p>\n","protected":false},"author":1,"featured_media":338227,"comment_status":"open","ping_status":"","sticky":false,"template":"","format":"standard","meta":{"footnotes":""},"categories":[2],"tags":[30],"class_list":["post-338226","post","type-post","status-publish","format-standard","has-post-thumbnail","hentry","category-politics","tag-observatornews-ro"],"_links":{"self":[{"href":"https:\/\/analyse.optim.biz\/index.php?rest_route=\/wp\/v2\/posts\/338226","targetHints":{"allow":["GET"]}}],"collection":[{"href":"https:\/\/analyse.optim.biz\/index.php?rest_route=\/wp\/v2\/posts"}],"about":[{"href":"https:\/\/analyse.optim.biz\/index.php?rest_route=\/wp\/v2\/types\/post"}],"author":[{"embeddable":true,"href":"https:\/\/analyse.optim.biz\/index.php?rest_route=\/wp\/v2\/users\/1"}],"replies":[{"embeddable":true,"href":"https:\/\/analyse.optim.biz\/index.php?rest_route=%2Fwp%2Fv2%2Fcomments&post=338226"}],"version-history":[{"count":0,"href":"https:\/\/analyse.optim.biz\/index.php?rest_route=\/wp\/v2\/posts\/338226\/revisions"}],"wp:featuredmedia":[{"embeddable":true,"href":"https:\/\/analyse.optim.biz\/index.php?rest_route=\/wp\/v2\/media\/338227"}],"wp:attachment":[{"href":"https:\/\/analyse.optim.biz\/index.php?rest_route=%2Fwp%2Fv2%2Fmedia&parent=338226"}],"wp:term":[{"taxonomy":"category","embeddable":true,"href":"https:\/\/analyse.optim.biz\/index.php?rest_route=%2Fwp%2Fv2%2Fcategories&post=338226"},{"taxonomy":"post_tag","embeddable":true,"href":"https:\/\/analyse.optim.biz\/index.php?rest_route=%2Fwp%2Fv2%2Ftags&post=338226"}],"curies":[{"name":"wp","href":"https:\/\/api.w.org\/{rel}","templated":true}]}}