{"id":338224,"date":"2018-04-27T08:15:00","date_gmt":"2018-04-27T05:15:00","guid":{"rendered":"https:\/\/analyse.optim.biz\/?p=338224"},"modified":"2018-04-27T08:15:00","modified_gmt":"2018-04-27T05:15:00","slug":"iohannis-i-a-cerut-demisia-premierului-dancila-ii-retrag-increderea-nu-face-fata-pozitiei-de-prim-ministru-al-romaniei","status":"publish","type":"post","link":"https:\/\/analyse.optim.biz\/?p=338224","title":{"rendered":"Iohannis i-a cerut demisia premierului D\u0103ncil\u0103: &#8220;\u00cei retrag \u00eencrederea. Nu face fa\u0163\u0103 pozi\u0163iei de prim-ministru al Rom\u00e2niei&#8221;"},"content":{"rendered":"<div class=\"description\" data-key=\"description\">Pre\u015fedintele Klaus Iohannis a declarat, \u00eentr-o conferin\u0163\u0103 de pres\u0103 la Cotroceni, c\u0103 Viorica D\u0103ncil\u0103 nu face fa\u0163\u0103 pozi\u0163iei de prim-ministru al Rom\u00e2niei \u015fi i-a cerut public demisia.<\/div>\n<div class=\"articleBody\" data-key=\"articleBody\">Pre\u015fedintele Klaus Iohannis a declarat, \u00eentr-o conferin\u0163\u0103 de pres\u0103 la Cotroceni, c\u0103 Viorica D\u0103ncil\u0103 nu face fa\u0163\u0103 pozi\u0163iei de prim-ministru al Rom\u00e2niei \u015fi i-a cerut public demisia.<\/p>\n<p>Pre\u015fedintele a spus c\u0103 \u00eei retrage premierului \u00eencrederea.<\/p>\n<p>INFORMARESet\u0103rile tale privind cookie-urile nu permit afi\u0219area con\u021binutului din aceast\u0103 zon\u0103. E necesar s\u0103 accep\u021bi cookie-urile social media pentru afisarea acestui tip de con\u021binut. Modific\u0103 set\u0103rile<\/p>\n<p>Declara\u021biile \u0219efului statului au fost f\u0103cute \u00een contextul \u00een care premierul Viorica D\u0103ncil\u0103 a refuzat s\u0103 vin\u0103 ast\u0103zi la Cotroceni, unde urmau s\u0103 aib\u0103 loc discu\u021bii cu pre\u0219edintele Rom\u00e2niei.<\/p>\n<p>\u00cent\u00e2lnirea ar fi trebuit s\u0103 se desf\u0103\u0219oare \u00eencep\u00e2nd cu ora 11.00.<\/p>\n<p>INFORMARESet\u0103rile tale privind cookie-urile nu permit afi\u0219area con\u021binutului din aceast\u0103 zon\u0103. E necesar s\u0103 accep\u021bi cookie-urile social media pentru afisarea acestui tip de con\u021binut. Modific\u0103 set\u0103rile<\/p>\n<p>El a spus c\u0103 &#8220;este evident c\u0103 PSD pune sub semnul \u00eentreb\u0103rii aceast\u0103 independen\u0163\u0103&#8221;.\u00a0<\/p>\n<p>INFORMARESet\u0103rile tale privind cookie-urile nu permit afi\u0219area con\u021binutului din aceast\u0103 zon\u0103. E necesar s\u0103 accep\u021bi cookie-urile social media pentru afisarea acestui tip de con\u021binut. Modific\u0103 set\u0103rile<\/p>\n<p>Luni, Iohannis a afirmat c\u0103 va \u00eencerca o mediere \u00eentre Guvern \u015fi Banca Na\u0163ional\u0103 a Rom\u00e2niei \u015fi c\u0103 \u00eei va chema la Cotroceni &#8220;\u015fi pe unii, \u015fi pe al\u0163ii&#8221;.<\/p>\n<p>&#8220;Am decis s\u0103 \u00eencerc o mediere \u00eentre Guvern \u015fi BNR. \u00cen zilele urm\u0103toare \u00eei voi invita \u015fi pe unii, \u015fi pe al\u0163ii la Cotroceni&#8221;, a spus atunci \u015feful statului.\n<\/p><\/div>\n<p> Source URL: https:\/\/observatornews.ro\/politic\/iohannis-ia-cerut-demisia-premierului-250782.html<\/p>\n","protected":false},"excerpt":{"rendered":"<p>Pre\u015fedintele Klaus Iohannis a declarat, \u00eentr-o conferin\u0163\u0103 de pres\u0103 la Cotroceni, c\u0103 Viorica D\u0103ncil\u0103 nu face fa\u0163\u0103 pozi\u0163iei de prim-ministru al Rom\u00e2niei \u015fi i-a cerut public demisia. Pre\u015fedintele Klaus Iohannis a declarat, \u00eentr-o conferin\u0163\u0103 de pres\u0103 la Cotroceni, c\u0103 Viorica D\u0103ncil\u0103 nu face fa\u0163\u0103 pozi\u0163iei de prim-ministru al Rom\u00e2niei \u015fi i-a cerut public demisia. Pre\u015fedintele [&hellip;]<\/p>\n","protected":false},"author":1,"featured_media":338225,"comment_status":"open","ping_status":"","sticky":false,"template":"","format":"standard","meta":{"footnotes":""},"categories":[2],"tags":[30],"class_list":["post-338224","post","type-post","status-publish","format-standard","has-post-thumbnail","hentry","category-politics","tag-observatornews-ro"],"_links":{"self":[{"href":"https:\/\/analyse.optim.biz\/index.php?rest_route=\/wp\/v2\/posts\/338224","targetHints":{"allow":["GET"]}}],"collection":[{"href":"https:\/\/analyse.optim.biz\/index.php?rest_route=\/wp\/v2\/posts"}],"about":[{"href":"https:\/\/analyse.optim.biz\/index.php?rest_route=\/wp\/v2\/types\/post"}],"author":[{"embeddable":true,"href":"https:\/\/analyse.optim.biz\/index.php?rest_route=\/wp\/v2\/users\/1"}],"replies":[{"embeddable":true,"href":"https:\/\/analyse.optim.biz\/index.php?rest_route=%2Fwp%2Fv2%2Fcomments&post=338224"}],"version-history":[{"count":0,"href":"https:\/\/analyse.optim.biz\/index.php?rest_route=\/wp\/v2\/posts\/338224\/revisions"}],"wp:featuredmedia":[{"embeddable":true,"href":"https:\/\/analyse.optim.biz\/index.php?rest_route=\/wp\/v2\/media\/338225"}],"wp:attachment":[{"href":"https:\/\/analyse.optim.biz\/index.php?rest_route=%2Fwp%2Fv2%2Fmedia&parent=338224"}],"wp:term":[{"taxonomy":"category","embeddable":true,"href":"https:\/\/analyse.optim.biz\/index.php?rest_route=%2Fwp%2Fv2%2Fcategories&post=338224"},{"taxonomy":"post_tag","embeddable":true,"href":"https:\/\/analyse.optim.biz\/index.php?rest_route=%2Fwp%2Fv2%2Ftags&post=338224"}],"curies":[{"name":"wp","href":"https:\/\/api.w.org\/{rel}","templated":true}]}}