{"id":338222,"date":"2018-04-27T09:03:00","date_gmt":"2018-04-27T06:03:00","guid":{"rendered":"https:\/\/analyse.optim.biz\/?p=338222"},"modified":"2018-04-27T09:03:00","modified_gmt":"2018-04-27T06:03:00","slug":"tariceanu-il-atentioneaza-pe-iohannis-dupa-ce-presedintele-i-a-cerut-demisia-vioricai-dancila-nu-poate-sa-controleze-premierul","status":"publish","type":"post","link":"https:\/\/analyse.optim.biz\/?p=338222","title":{"rendered":"T\u0103riceanu \u00eel aten\u0163ioneaz\u0103 pe Iohannis, dup\u0103 ce pre\u0219edintele i-a cerut demisia Vioric\u0103i D\u0103ncil\u0103: &#8216;Nu poate s\u0103 controleze premierul&#8217;"},"content":{"rendered":"<div class=\"description\" data-key=\"description\">C\u0103lin Popescu T\u0103riceanu l-a criticat pe Klaus Iohannis, dup\u0103 ce pre\u0219edintele i-a cerut public demisia premierului Viorica D\u0103ncil\u0103.<\/div>\n<div class=\"articleBody\" data-key=\"articleBody\">C\u0103lin Popescu T\u0103riceanu l-a criticat pe Klaus Iohannis, dup\u0103 ce pre\u0219edintele i-a cerut public demisia premierului Viorica D\u0103ncil\u0103.<\/p>\n<p>&#8220;Pre\u0219edintele nu cunoa\u0219te bine care sunt atributele institu\u021bionale ale pre\u0219edintelui. Vreau s\u0103-i atrag aten\u021bia c\u0103 premierul nu are niciodat\u0103 nevoie de mandat ca s\u0103 plece \u00eentr-o vizit\u0103.<\/p>\n<p>Viorica D\u0103ncil\u0103 vorbe\u0219te \u00een numele Guvernului \u0219i \u00een numele Rom\u00e2niei. Politic, pre\u0219edintele poate s\u0103 fac\u0103 declara\u021bii, s\u0103 deschid\u0103 un r\u0103zboi cu majoritatea, cu Guvernul, e problema d\u00e2nsului. Majoritatea PSD-ALDE a adoptat \u00eentotdeauna o pozi\u021bie de respect fa\u021b\u0103 de institu\u021bie.<\/p>\n<p>Poate s\u0103 cear\u0103 demisia premierului, cum poate s\u0103 o fac\u0103 orice cet\u0103\u021bean. Are aceea\u0219i valoare, nici mai mare, nici mai mic\u0103. Urm\u0103re\u0219te ceva politic.<\/p>\n<p>Pre\u0219edintele face o grav\u0103 eroare de apreciere. Vrea s\u0103 par\u0103 ce nu este. Nu poate s\u0103 controleze prim-ministrul&#8221;, a declarat C\u0103lin Popescu T\u0103riceanu, la Antena 3.\n<\/p><\/div>\n<p> Source URL: https:\/\/observatornews.ro\/politic\/tariceanu-reactie-iohannis-demisie-dancila-250786.html<\/p>\n","protected":false},"excerpt":{"rendered":"<p>C\u0103lin Popescu T\u0103riceanu l-a criticat pe Klaus Iohannis, dup\u0103 ce pre\u0219edintele i-a cerut public demisia premierului Viorica D\u0103ncil\u0103. C\u0103lin Popescu T\u0103riceanu l-a criticat pe Klaus Iohannis, dup\u0103 ce pre\u0219edintele i-a cerut public demisia premierului Viorica D\u0103ncil\u0103. &#8220;Pre\u0219edintele nu cunoa\u0219te bine care sunt atributele institu\u021bionale ale pre\u0219edintelui. Vreau s\u0103-i atrag aten\u021bia c\u0103 premierul nu are niciodat\u0103 [&hellip;]<\/p>\n","protected":false},"author":1,"featured_media":338223,"comment_status":"open","ping_status":"","sticky":false,"template":"","format":"standard","meta":{"footnotes":""},"categories":[2],"tags":[30],"class_list":["post-338222","post","type-post","status-publish","format-standard","has-post-thumbnail","hentry","category-politics","tag-observatornews-ro"],"_links":{"self":[{"href":"https:\/\/analyse.optim.biz\/index.php?rest_route=\/wp\/v2\/posts\/338222","targetHints":{"allow":["GET"]}}],"collection":[{"href":"https:\/\/analyse.optim.biz\/index.php?rest_route=\/wp\/v2\/posts"}],"about":[{"href":"https:\/\/analyse.optim.biz\/index.php?rest_route=\/wp\/v2\/types\/post"}],"author":[{"embeddable":true,"href":"https:\/\/analyse.optim.biz\/index.php?rest_route=\/wp\/v2\/users\/1"}],"replies":[{"embeddable":true,"href":"https:\/\/analyse.optim.biz\/index.php?rest_route=%2Fwp%2Fv2%2Fcomments&post=338222"}],"version-history":[{"count":0,"href":"https:\/\/analyse.optim.biz\/index.php?rest_route=\/wp\/v2\/posts\/338222\/revisions"}],"wp:featuredmedia":[{"embeddable":true,"href":"https:\/\/analyse.optim.biz\/index.php?rest_route=\/wp\/v2\/media\/338223"}],"wp:attachment":[{"href":"https:\/\/analyse.optim.biz\/index.php?rest_route=%2Fwp%2Fv2%2Fmedia&parent=338222"}],"wp:term":[{"taxonomy":"category","embeddable":true,"href":"https:\/\/analyse.optim.biz\/index.php?rest_route=%2Fwp%2Fv2%2Fcategories&post=338222"},{"taxonomy":"post_tag","embeddable":true,"href":"https:\/\/analyse.optim.biz\/index.php?rest_route=%2Fwp%2Fv2%2Ftags&post=338222"}],"curies":[{"name":"wp","href":"https:\/\/api.w.org\/{rel}","templated":true}]}}