{"id":338220,"date":"2018-04-27T09:44:00","date_gmt":"2018-04-27T06:44:00","guid":{"rendered":"https:\/\/analyse.optim.biz\/?p=338220"},"modified":"2018-04-27T09:44:00","modified_gmt":"2018-04-27T06:44:00","slug":"reactia-liberalilor-dupa-ce-iohannis-i-a-cerut-demisia-premierul-dancila-turcan-sa-demisioneze-de-urgenta","status":"publish","type":"post","link":"https:\/\/analyse.optim.biz\/?p=338220","title":{"rendered":"Reac\u0163ia liberalilor, dup\u0103 ce Iohannis i-a cerut demisia premierul D\u0103ncil\u0103. Turcan: &#8216;S\u0103 demisioneze de urgen\u0163\u0103&#8217;"},"content":{"rendered":"<div class=\"description\" data-key=\"description\">Prim-vicepre\u015fedintele PNL, Raluca Turcan, a afirmat c\u0103 premierul Viorica D\u0103ncil\u0103 trebuie s\u0103 demisioneze de urgen\u0163\u0103.<\/div>\n<div class=\"articleBody\" data-key=\"articleBody\">Prim-vicepre\u015fedintele PNL, Raluca Turcan, a afirmat c\u0103 premierul Viorica D\u0103ncil\u0103 trebuie s\u0103 demisioneze de urgen\u0163\u0103 \u015fi a confirmat toate &#8220;dubiile cu privire la capacitatea domniei sale de a face fa\u0163\u0103 func\u0163iei&#8221;. <\/p>\n<p>Turcan a subliniat \u015fi c\u0103 mandatul de politic\u0103 extern\u0103 nu este aprobat de condamna\u0163i, ci de pre\u015fedintele Rom\u00e2niei.<\/p>\n<p>&#8220;Viorica D\u0103ncil\u0103 trebuie s\u0103 demisioneze de urgen\u0163\u0103! Prin toate ac\u0163iunile sale, Viorica D\u0103ncil\u0103 a demonstrat c\u0103 nu se poate achita de responsabilit\u0103\u0163ile care \u00eei revin. Viorica D\u0103ncil\u0103 a confirmat toate dubiile cu privire la capacitatea domniei sale de a face fa\u0163\u0103 func\u0163iei. Din ne\u015ftiin\u0163\u0103 sau din cauza obedien\u0163ei fa\u0163\u0103 de Liviu Dragnea, s-a plasat \u00een mod flagrant \u00een afara Constitu\u0163iei Rom\u00e2niei. S\u0103 faci confuzii economice grave, s\u0103 ataci Banca Na\u0163ional\u0103 a Rom\u00e2niei \u015fi s\u0103 refuzi o ac\u0163iune de mediere a pre\u015fedintelui Rom\u00e2niei este neconstitu\u0163ional&#8221;, a scris Raluca Turcan pe Facebook.<\/p>\n<p>Ea sus\u0163ine c\u0103 angajarea premierului \u00een ac\u0163iuni externe f\u0103r\u0103 a respecta Constitu\u0163ia arat\u0103 un comportament de tip &#8220;infrac\u0163ional&#8221;, iar angajamentele europene sunt garantate de pre\u015fedinte, nu de &#8220;condamna\u0163i&#8221;.<\/p>\n<p>&#8220;De asemenea, s\u0103 te angajezi \u00een ac\u0163iuni externe \u00een afara cadrului constitu\u0163ional arat\u0103 un comportament de tip infrac\u0163ional, copie la indigo a comportamentului care l-a consacrat pe Liviu Dragnea.\u00a0Nu condamna\u0163ii aprob\u0103 mandatul pe politic\u0103 extern\u0103, ci pre\u015fedintele Rom\u00e2niei. Tot pre\u015fedintele Rom\u00e2niei este garantul respect\u0103rii de c\u0103tre Rom\u00e2nia a angajamentelor europene, de a c\u0103ror \u00eenc\u0103lcare se fac vinova\u0163i Viorica D\u0103ncil\u0103 \u015fi Liviu Dragnea&#8221;, a ad\u0103ugat aceasta.<\/p>\n<p>Pre\u015fedintele Klaus Iohannis a declarat vineri c\u0103 Viorica D\u0103ncil\u0103 nu face fa\u0163\u0103 pozi\u0163iei de prim-ministru al Rom\u00e2niei \u015fi i-a cerut public demisia, spun\u00e2nd c\u0103 \u00eei retrage \u00eencrederea. \u015eeful statului a invocat disputa Guvern &#8211; BNR \u015fi memorandumul privind mutarea ambasadei Rom\u00e2niei la Ierusalim.<\/p>\n<p>\u201eRetrag \u00eencrederea doamnei D\u0103ncil\u0103. Dup\u0103 cum am spus, pe 29 ianuarie Guvernul a fost \u00eenvestit. Au trecut trei luni, dup\u0103 care pot s\u0103 trag o concluzie &#8211; doamna D\u0103ncil\u0103 nu face fa\u0163\u0103 pozi\u0163iei de prim-ministru a Rom\u00e2niei \u015fi transform\u0103 astfel Guvernul \u00eentr-o vulnerabilitate pentru Rom\u00e2nia. De aceea solicit public demisia doamnnei D\u0103ncil\u0103 din func\u0163ia de prim-ministru al Rom\u00e2niei\u201d, a spus Iohannis.<\/p>\n<p>Sursa: News.ro\n<\/p><\/div>\n<p> Source URL: https:\/\/observatornews.ro\/politic\/reactie-liberali-turcan-dancila-sa-demisioneze-de-urgenta-250792.html<\/p>\n","protected":false},"excerpt":{"rendered":"<p>Prim-vicepre\u015fedintele PNL, Raluca Turcan, a afirmat c\u0103 premierul Viorica D\u0103ncil\u0103 trebuie s\u0103 demisioneze de urgen\u0163\u0103. Prim-vicepre\u015fedintele PNL, Raluca Turcan, a afirmat c\u0103 premierul Viorica D\u0103ncil\u0103 trebuie s\u0103 demisioneze de urgen\u0163\u0103 \u015fi a confirmat toate &#8220;dubiile cu privire la capacitatea domniei sale de a face fa\u0163\u0103 func\u0163iei&#8221;. Turcan a subliniat \u015fi c\u0103 mandatul de politic\u0103 extern\u0103 [&hellip;]<\/p>\n","protected":false},"author":1,"featured_media":338221,"comment_status":"open","ping_status":"","sticky":false,"template":"","format":"standard","meta":{"footnotes":""},"categories":[2],"tags":[30],"class_list":["post-338220","post","type-post","status-publish","format-standard","has-post-thumbnail","hentry","category-politics","tag-observatornews-ro"],"_links":{"self":[{"href":"https:\/\/analyse.optim.biz\/index.php?rest_route=\/wp\/v2\/posts\/338220","targetHints":{"allow":["GET"]}}],"collection":[{"href":"https:\/\/analyse.optim.biz\/index.php?rest_route=\/wp\/v2\/posts"}],"about":[{"href":"https:\/\/analyse.optim.biz\/index.php?rest_route=\/wp\/v2\/types\/post"}],"author":[{"embeddable":true,"href":"https:\/\/analyse.optim.biz\/index.php?rest_route=\/wp\/v2\/users\/1"}],"replies":[{"embeddable":true,"href":"https:\/\/analyse.optim.biz\/index.php?rest_route=%2Fwp%2Fv2%2Fcomments&post=338220"}],"version-history":[{"count":0,"href":"https:\/\/analyse.optim.biz\/index.php?rest_route=\/wp\/v2\/posts\/338220\/revisions"}],"wp:featuredmedia":[{"embeddable":true,"href":"https:\/\/analyse.optim.biz\/index.php?rest_route=\/wp\/v2\/media\/338221"}],"wp:attachment":[{"href":"https:\/\/analyse.optim.biz\/index.php?rest_route=%2Fwp%2Fv2%2Fmedia&parent=338220"}],"wp:term":[{"taxonomy":"category","embeddable":true,"href":"https:\/\/analyse.optim.biz\/index.php?rest_route=%2Fwp%2Fv2%2Fcategories&post=338220"},{"taxonomy":"post_tag","embeddable":true,"href":"https:\/\/analyse.optim.biz\/index.php?rest_route=%2Fwp%2Fv2%2Ftags&post=338220"}],"curies":[{"name":"wp","href":"https:\/\/api.w.org\/{rel}","templated":true}]}}