{"id":338132,"date":"2018-04-27T10:15:53","date_gmt":"2018-04-27T07:15:53","guid":{"rendered":"https:\/\/analyse.optim.biz\/?p=338132"},"modified":"2018-04-27T10:15:53","modified_gmt":"2018-04-27T07:15:53","slug":"klaus-iohannis-ii-cere-demisia-vioricai-dancila-dupa-intalnirea-la-care-premierul-nu-a-ajuns","status":"publish","type":"post","link":"https:\/\/analyse.optim.biz\/?p=338132","title":{"rendered":"Klaus Iohannis \u00eei cere demisia Vioric\u0103i D\u0103ncil\u0103, dup\u0103 \u00eent\u00e2lnirea la care premierul nu a ajuns"},"content":{"rendered":"<div class=\"description\" data-key=\"description\">Pre\u015fedintele Klaus Iohannis \u00eei cere demisia premierului Viorica D\u0103ncil\u0103.<\/div>\n<div class=\"articleBody\" data-key=\"articleBody\">Pre\u015fedintele Klaus Iohannis \u00eei cere demisia premierului Viorica D\u0103ncil\u0103. Dup\u0103 ce prim-ministrul nu a venit la \u00eent\u00e2lnirea la care a fost convocat\u0103 ast\u0103zi, la Cotroceni, \u015feful statului a ie\u015fit public cu declara\u0163ia \u015foc.\n<\/div>\n<p> Source URL: https:\/\/observatornews.ro\/politic\/presedintele-klaus-iohannis-demisie-premierviorica-dancila-250796.html<\/p>\n","protected":false},"excerpt":{"rendered":"<p>Pre\u015fedintele Klaus Iohannis \u00eei cere demisia premierului Viorica D\u0103ncil\u0103. Pre\u015fedintele Klaus Iohannis \u00eei cere demisia premierului Viorica D\u0103ncil\u0103. Dup\u0103 ce prim-ministrul nu a venit la \u00eent\u00e2lnirea la care a fost convocat\u0103 ast\u0103zi, la Cotroceni, \u015feful statului a ie\u015fit public cu declara\u0163ia \u015foc. Source URL: https:\/\/observatornews.ro\/politic\/presedintele-klaus-iohannis-demisie-premierviorica-dancila-250796.html<\/p>\n","protected":false},"author":1,"featured_media":338133,"comment_status":"open","ping_status":"","sticky":false,"template":"","format":"standard","meta":{"footnotes":""},"categories":[2],"tags":[30],"class_list":["post-338132","post","type-post","status-publish","format-standard","has-post-thumbnail","hentry","category-politics","tag-observatornews-ro"],"_links":{"self":[{"href":"https:\/\/analyse.optim.biz\/index.php?rest_route=\/wp\/v2\/posts\/338132","targetHints":{"allow":["GET"]}}],"collection":[{"href":"https:\/\/analyse.optim.biz\/index.php?rest_route=\/wp\/v2\/posts"}],"about":[{"href":"https:\/\/analyse.optim.biz\/index.php?rest_route=\/wp\/v2\/types\/post"}],"author":[{"embeddable":true,"href":"https:\/\/analyse.optim.biz\/index.php?rest_route=\/wp\/v2\/users\/1"}],"replies":[{"embeddable":true,"href":"https:\/\/analyse.optim.biz\/index.php?rest_route=%2Fwp%2Fv2%2Fcomments&post=338132"}],"version-history":[{"count":0,"href":"https:\/\/analyse.optim.biz\/index.php?rest_route=\/wp\/v2\/posts\/338132\/revisions"}],"wp:featuredmedia":[{"embeddable":true,"href":"https:\/\/analyse.optim.biz\/index.php?rest_route=\/wp\/v2\/media\/338133"}],"wp:attachment":[{"href":"https:\/\/analyse.optim.biz\/index.php?rest_route=%2Fwp%2Fv2%2Fmedia&parent=338132"}],"wp:term":[{"taxonomy":"category","embeddable":true,"href":"https:\/\/analyse.optim.biz\/index.php?rest_route=%2Fwp%2Fv2%2Fcategories&post=338132"},{"taxonomy":"post_tag","embeddable":true,"href":"https:\/\/analyse.optim.biz\/index.php?rest_route=%2Fwp%2Fv2%2Ftags&post=338132"}],"curies":[{"name":"wp","href":"https:\/\/api.w.org\/{rel}","templated":true}]}}