{"id":336354,"date":"2018-05-28T15:38:00","date_gmt":"2018-05-28T12:38:00","guid":{"rendered":"https:\/\/analyse.optim.biz\/?p=336354"},"modified":"2018-05-28T15:38:00","modified_gmt":"2018-05-28T12:38:00","slug":"partidul-pro-romania-va-depune-saptamana-viitoare-cerere-pentru-grup-parlamentar","status":"publish","type":"post","link":"https:\/\/analyse.optim.biz\/?p=336354","title":{"rendered":"Partidul Pro Romania va depune s\u0103pt\u0103m\u00e2na viitoare cerere pentru grup parlamentar"},"content":{"rendered":"<div class=\"description\" data-key=\"description\">Partidul Pro Rom\u00e2nia, fondat de Victor Ponta, Daniel Constantin \u015fi Sorin C\u00e2mpeanu, va depune s\u0103pt\u0103m\u00e2na viitoare cerere pentru \u00eenfiin\u0163area unui grup parlamentar<\/div>\n<div class=\"articleBody\" data-key=\"articleBody\">Partidul Pro Rom\u00e2nia, fondat de Victor Ponta, Daniel Constantin \u015fi Sorin C\u00e2mpeanu, va depune s\u0103pt\u0103m\u00e2na viitoare cerere pentru \u00eenfiin\u0163area unui grup parlamentar, \u00een prezent \u00een forma\u0163iune fiind 11 deputa\u0163i \u015fi senatori.<\/p>\n<p>De asemenea, fostul premier Victor Ponta a sus\u0163inut c\u0103 partidul va avea \u015fi un candidat la alegerile preziden\u0163iale, despre care a spus c\u0103 este \u00een sal\u0103, f\u0103r\u0103 \u00eens\u0103 a-l nominaliza. Pe toat\u0103 durata evenimentului, \u00een sal\u0103 s-a aflat \u015fi senatorul PSD Ecaterina Andronescu, care a plecat imediat dup\u0103 terminarea discursurilor.<\/p>\n<p>La evenimentul de prezentare a agendei politice a Pro Rom\u00e2nia, Victor Ponta a prezentat \u015fi echipa: fostul ministru al Finan\u0163elor Ioana Petrescu, deputatul Gabriela Poda\u015fc\u0103, demisionar din PSD, fostul ministru al S\u0103n\u0103t\u0103\u0163ii Nicolae B\u0103nicioiu, care a demisionat \u015fi el vineri din PSD, Mircea Banias, R\u0103zvan Cotovelea, Mircea Titus Dobre, Augustin Jianu, Mihai Sturzu, C\u0103t\u0103lin Nechifor, Daniel Constantin \u015fi Sorin C\u00e2mpeanu.<\/p>\n<p>Secretarul general al Pro Rom\u00e2nia va fi Alin V\u0103caru, deputat de Gorj, plecat din PSD din noiembrie 2017 pentru a se \u00eenscrie \u00een partidul fondat de Ponta, europarlamentarul Lauren\u0163iu Rebega.<\/p>\n<p>De asemenea, Victor Ponta a spus c\u0103 s\u0103pt\u0103m\u00e2na viitoare Pro Rom\u00e2nia\u00a0va depune o cerere\u00a0pentru grup parlamentar: \u201cSuntem 11 parlamentari \u015fi vor mai veni\u201d.<\/p>\n<p>Fostul premier a mai spus c\u0103 partidul va avea \u015fi un candidat la alegerile preziden\u0163iale, despre care a spus c\u0103 se af\u015f\u0103 \u00een sal\u0103, dar pe care nu l-a nominalizat.<\/p>\n<p>&#8220;\u00cen zona de centru &#8211; centru-stranga nu exista niciun candidat, vom propune un candidat care s\u0103 poat\u0103 veni cu un program de \u0163ar\u0103 de centru-st\u00e2nga. Este ast\u0103zi aici \u00een sal\u0103&#8221;, a declarat Ponta.\u00a0<\/p>\n<p>Pe toat\u0103 durata evenimentului, \u00een sal\u0103 s-a aflat \u015fi senatorul PSD Ecaterina Andronescu, care a plecat imediat dup\u0103 terminarea discursurilor.<\/p>\n<p>&#8220;Noi credem c\u0103 singura solu\u0163ie viabil\u0103 pentru viitor este mobilizarea energiilor pozitive din societate. \u015ei, mai ales, revenirea elitelor sociale \u015fi profesionale \u00een zona deciziei. Niciodat\u0103 dup\u0103 \u201889 Rom\u00e2nia nu a avut la butoane un asemenea festival al mediocrit\u0103\u0163ii, al inculturii \u015fi al incapacit\u0103\u0163ii profesionale. Dup\u0103 episodul decembrie \u201989, Rom\u00e2nia nu a mai ajuns la spectacolul odios al obedien\u0163ei necondi\u0163ionate fa\u0163\u0103 de lider sau de partid. Ca \u015fi \u00een \u201889, aceasta este calea spre dezastru \u015fi suntem to\u0163i vinova\u0163i dac\u0103 nu lupt\u0103m s\u0103 o schimb\u0103m. Toti \u00eens\u0103 ne dorim ca Rom\u00e2nia s\u0103 se dezvolte \u015fi putem s\u0103 contribuim la asta. Orice companie care investe\u015fte \u00een Rom\u00e2nia. Orice persoan\u0103 care pl\u0103te\u015fte taxe. Orice profesor care educ\u0103 sau orice medic care vindec\u0103. Orice sindicat care \u00ee\u015fi ap\u0103r\u0103 membrii \u015fi orice ONG care lupt\u0103 pentru schimbarea situa\u0163iilor existente. Orice func\u0163ionar care trebuie s\u0103 fie eficient \u00een serviciul public \u015fi nu doar obedient fa\u0163\u0103 de partidul care guverneaz\u0103&#8221;, a spus Ponta \u00een discursul s\u0103u, pres\u0103rat cu atacuri \u015fi ironii la adresa PSD.<\/p>\n<p>Surs\u0103: News.ro\n<\/p><\/div>\n<p> Source URL: https:\/\/observatornews.ro\/politic\/pro-romania-depune-saptamana-viitoare-cerere-pentru-grup-parlamentar-254889.html<\/p>\n","protected":false},"excerpt":{"rendered":"<p>Partidul Pro Rom\u00e2nia, fondat de Victor Ponta, Daniel Constantin \u015fi Sorin C\u00e2mpeanu, va depune s\u0103pt\u0103m\u00e2na viitoare cerere pentru \u00eenfiin\u0163area unui grup parlamentar Partidul Pro Rom\u00e2nia, fondat de Victor Ponta, Daniel Constantin \u015fi Sorin C\u00e2mpeanu, va depune s\u0103pt\u0103m\u00e2na viitoare cerere pentru \u00eenfiin\u0163area unui grup parlamentar, \u00een prezent \u00een forma\u0163iune fiind 11 deputa\u0163i \u015fi senatori. De asemenea, [&hellip;]<\/p>\n","protected":false},"author":1,"featured_media":336355,"comment_status":"open","ping_status":"","sticky":false,"template":"","format":"standard","meta":{"footnotes":""},"categories":[2],"tags":[30],"class_list":["post-336354","post","type-post","status-publish","format-standard","has-post-thumbnail","hentry","category-politics","tag-observatornews-ro"],"_links":{"self":[{"href":"https:\/\/analyse.optim.biz\/index.php?rest_route=\/wp\/v2\/posts\/336354","targetHints":{"allow":["GET"]}}],"collection":[{"href":"https:\/\/analyse.optim.biz\/index.php?rest_route=\/wp\/v2\/posts"}],"about":[{"href":"https:\/\/analyse.optim.biz\/index.php?rest_route=\/wp\/v2\/types\/post"}],"author":[{"embeddable":true,"href":"https:\/\/analyse.optim.biz\/index.php?rest_route=\/wp\/v2\/users\/1"}],"replies":[{"embeddable":true,"href":"https:\/\/analyse.optim.biz\/index.php?rest_route=%2Fwp%2Fv2%2Fcomments&post=336354"}],"version-history":[{"count":0,"href":"https:\/\/analyse.optim.biz\/index.php?rest_route=\/wp\/v2\/posts\/336354\/revisions"}],"wp:featuredmedia":[{"embeddable":true,"href":"https:\/\/analyse.optim.biz\/index.php?rest_route=\/wp\/v2\/media\/336355"}],"wp:attachment":[{"href":"https:\/\/analyse.optim.biz\/index.php?rest_route=%2Fwp%2Fv2%2Fmedia&parent=336354"}],"wp:term":[{"taxonomy":"category","embeddable":true,"href":"https:\/\/analyse.optim.biz\/index.php?rest_route=%2Fwp%2Fv2%2Fcategories&post=336354"},{"taxonomy":"post_tag","embeddable":true,"href":"https:\/\/analyse.optim.biz\/index.php?rest_route=%2Fwp%2Fv2%2Ftags&post=336354"}],"curies":[{"name":"wp","href":"https:\/\/api.w.org\/{rel}","templated":true}]}}