{"id":336319,"date":"2018-05-28T20:52:00","date_gmt":"2018-05-28T17:52:00","guid":{"rendered":"https:\/\/analyse.optim.biz\/?p=336319"},"modified":"2018-05-28T20:52:00","modified_gmt":"2018-05-28T17:52:00","slug":"liviu-dragnea-la-ultimul-termen-in-dosarul-angajarilor-fictive-dna-a-cerut-7-ani-de-inchisoare-pentru-liderul-psd","status":"publish","type":"post","link":"https:\/\/analyse.optim.biz\/?p=336319","title":{"rendered":"Liviu Dragnea, la ultimul termen \u00een dosarul angaj\u0103rilor fictive. DNA a cerut 7 ani de \u00eenchisoare pentru liderul PSD"},"content":{"rendered":"<div class=\"description\" data-key=\"description\">Mar\u021bi, 29 mai, Liviu Dragnea are ultimul termen la \u00cenalta Curte de Casa\u0163ie \u015fi Justi\u0163ie (ICCJ) \u00een dosarul angaj\u0103rilor fictive la DGASPC Teleorman, dosar \u00een care DNA cere \u015fapte ani \u015fi jum\u0103tate de \u00eenchisoare.<\/div>\n<div class=\"articleBody\" data-key=\"articleBody\">Mar\u021bi, 29 mai, Liviu Dragnea are ultimul termen la \u00cenalta Curte de Casa\u0163ie \u015fi Justi\u0163ie (ICCJ) \u00een dosarul angaj\u0103rilor fictive la DGASPC Teleorman, dosar \u00een care DNA cere \u015fapte ani \u015fi jum\u0103tate de \u00eenchisoare.<\/p>\n<p>ICCJ trebuie s\u0103 se prpnun\u021be, mar\u021bi, \u00een\u00a0dosarul \u00een care Liviu Dragnea este judecat pentru instigare la abuz \u00een serviciu \u00een dosarul angaj\u0103rilor fictive de la Direc\u0163ia General\u0103 de Asisten\u0163\u0103 Social\u0103 \u015fi Protec\u0163ia Copilului (DGASPC) Teleorman.<\/p>\n<p>DNA a cerut ca liderul PSD s\u0103 fie condamnat la \u015fapte ani \u015fi jum\u0103tate de \u00eenchisoar, dar \u015fi o pedeaps\u0103 de doi ani \u015fi jum\u0103tate pentru instigare la fals intelectual.<\/p>\n<p>Procurorii DNA au cerut, de asemenea,\u00a0anularea suspend\u0103rii condamn\u0103rii de doi ani \u00een dosarul Referendumul.<\/p>\n<p>\u00cen cazul fostei so\u0163ii a lui Dragnea, Bombonica Prodana, procurorii au cerut suspendarea procesului, av\u00e2nd \u00een vedere c\u0103 aceasta \u015fi-a achitat partea de prejudiciu.<\/p>\n<p>O pedeaps\u0103 de \u015fapte ani \u015fi jum\u0103tate de \u00eenchisoare a fost cerut\u0103 de procurorul DNA \u015fi pentru Alesu Floarea \u015fi Rodica Milos, \u00een timp ce pentru ceilal\u0163i inculpa\u0163i au fost solicitate pedepse de trei ani \u015fi \u015fase luni de \u00eenchisoare.<\/p>\n<p>Mar\u021bi, Liviu Dragnea se afl\u0103 \u00eentr-o vizit\u0103 oficial\u0103 la Berna, \u00een cadrul unui eveniment al Consiliului Na\u0163ional al Confedera\u0163iei Elve\u0163iene.\n<\/p><\/div>\n<p> Source URL: https:\/\/observatornews.ro\/politic\/dragnea-dosar-angajari-fictive-ICCJ-254918.html<\/p>\n","protected":false},"excerpt":{"rendered":"<p>Mar\u021bi, 29 mai, Liviu Dragnea are ultimul termen la \u00cenalta Curte de Casa\u0163ie \u015fi Justi\u0163ie (ICCJ) \u00een dosarul angaj\u0103rilor fictive la DGASPC Teleorman, dosar \u00een care DNA cere \u015fapte ani \u015fi jum\u0103tate de \u00eenchisoare. Mar\u021bi, 29 mai, Liviu Dragnea are ultimul termen la \u00cenalta Curte de Casa\u0163ie \u015fi Justi\u0163ie (ICCJ) \u00een dosarul angaj\u0103rilor fictive la [&hellip;]<\/p>\n","protected":false},"author":1,"featured_media":0,"comment_status":"open","ping_status":"","sticky":false,"template":"","format":"standard","meta":{"footnotes":""},"categories":[2],"tags":[30],"class_list":["post-336319","post","type-post","status-publish","format-standard","hentry","category-politics","tag-observatornews-ro"],"_links":{"self":[{"href":"https:\/\/analyse.optim.biz\/index.php?rest_route=\/wp\/v2\/posts\/336319","targetHints":{"allow":["GET"]}}],"collection":[{"href":"https:\/\/analyse.optim.biz\/index.php?rest_route=\/wp\/v2\/posts"}],"about":[{"href":"https:\/\/analyse.optim.biz\/index.php?rest_route=\/wp\/v2\/types\/post"}],"author":[{"embeddable":true,"href":"https:\/\/analyse.optim.biz\/index.php?rest_route=\/wp\/v2\/users\/1"}],"replies":[{"embeddable":true,"href":"https:\/\/analyse.optim.biz\/index.php?rest_route=%2Fwp%2Fv2%2Fcomments&post=336319"}],"version-history":[{"count":0,"href":"https:\/\/analyse.optim.biz\/index.php?rest_route=\/wp\/v2\/posts\/336319\/revisions"}],"wp:attachment":[{"href":"https:\/\/analyse.optim.biz\/index.php?rest_route=%2Fwp%2Fv2%2Fmedia&parent=336319"}],"wp:term":[{"taxonomy":"category","embeddable":true,"href":"https:\/\/analyse.optim.biz\/index.php?rest_route=%2Fwp%2Fv2%2Fcategories&post=336319"},{"taxonomy":"post_tag","embeddable":true,"href":"https:\/\/analyse.optim.biz\/index.php?rest_route=%2Fwp%2Fv2%2Ftags&post=336319"}],"curies":[{"name":"wp","href":"https:\/\/api.w.org\/{rel}","templated":true}]}}