{"id":336263,"date":"2018-05-30T03:46:00","date_gmt":"2018-05-30T00:46:00","guid":{"rendered":"https:\/\/analyse.optim.biz\/?p=336263"},"modified":"2018-05-30T03:46:00","modified_gmt":"2018-05-30T00:46:00","slug":"ccr-decide-azi-constitutionalitatea-respingerii-de-catre-klaus-iohannis-a-cererii-de-revocare-a-sefei-dna-laura-codruta-kovesi","status":"publish","type":"post","link":"https:\/\/analyse.optim.biz\/?p=336263","title":{"rendered":"CCR decide azi constitu\u0163ionalitatea respingerii de c\u0103tre Klaus Iohannis a cererii de revocare a \u015fefei DNA, Laura Codru\u0163a Kovesi"},"content":{"rendered":"<div class=\"description\" data-key=\"description\">Decizia Cur\u0163ii Constitu\u0163ionale privind solu\u0163ionarea conflictului juridic de natur\u0103 constitu\u0163ional\u0103 \u00eentre ministrul Justi\u0163iei \u015fi pre\u015fedintele Klaus Iohannis \u015fi \u00eentre Guvern \u015fi pre\u015fedinte, \u00een subsidiar, ca urmare a respingerii de c\u0103tre \u015feful statului a cererii de revocare a \u015fefei DNA, Laura Codru\u0163a Kovesi, este a\u015fteptat\u0103 miercuri.<\/div>\n<div class=\"articleBody\" data-key=\"articleBody\">Decizia Cur\u0163ii Constitu\u0163ionale privind solu\u0163ionarea conflictului juridic de natur\u0103 constitu\u0163ional\u0103 \u00eentre ministrul Justi\u0163iei \u015fi pre\u015fedintele Klaus Iohannis \u015fi \u00eentre Guvern \u015fi pre\u015fedinte, \u00een subsidiar, ca urmare a respingerii de c\u0103tre \u015feful statului a cererii de revocare a \u015fefei DNA, Laura Codru\u0163a Kovesi, este a\u015fteptat\u0103 miercuri.<\/p>\n<p>\u00cen 19 mai,\u00a0Ministrul Justi\u0163iei, Tudorel Toader, a declarat, \u00een fa\u0163a judec\u0103torilor Cur\u0163ii Constitu\u0163ionale, c\u0103 refuzul lui Klaus Iohannis de a o revoca din func\u0163ia de procuror \u015fef al Direc\u0163iei Na\u0163ionale Anticorup\u0163ie (DNA) pe Laura Codru\u0163a Kovesi este unul exclusiv politic, care a dus la acest conflict de natur\u0103 constitu\u0163ional\u0103 \u00eentre cele dou\u0103 institu\u0163ii.<\/p>\n<p>Toader a afirmat c\u0103 pre\u015fedintele a blocat procedura de revocare la jum\u0103tatea drumului, cu toate c\u0103, spune el, legea nu \u00eei ofer\u0103 pre\u015fedintelui posibilitatea de a accepta propunerea ministrului Justi\u0163iei de revocare a procurorilor din func\u0163ii de conducere, ci obliga\u0163ia, \u015fi, \u00een plus, Iohannis ar fi trebuit s\u0103 invoce motive de nelegalitate pentru refuzul s\u0103u, iar pentru asigurarea simetriei actului juridic, solu\u0163ia de refuz trebuia s\u0103 se finalizeze tot printr-un decret.<\/p>\n<p>La r\u00e2ndul s\u0103u, reprezentantul Pre\u015fedin\u0163iei, consilierul preziden\u0163ial Simina T\u0103n\u0103sescu, a invocat inadmisibilitatea sesiz\u0103rii Guvernului privind existen\u0163a unui conflict juridic de natur\u0103 constitu\u0163ionl\u0103 \u00eentre pre\u015fedinte \u015fi ministrul Justi\u0163iei ca parte a Guvernului.<\/p>\n<p>Ea a spus c\u0103 nu poate fi vorba de un conflict juridic de natur\u0103 constitu\u0163ional\u0103 \u00eentre pre\u015fedinte, care are atribu\u0163ii explicitate \u00een Constitu\u0163ie \u015fi ministrul Justi\u0163iei, care \u00ee\u015fi are atribu\u0163iile prev\u0103zute \u00eentr-o lege.<\/p>\n<p>\u00cen 22 februarie, ministrul Justi\u0163iei, Tudorel Toader, a anun\u0163at declan\u015farea procedurilor de revocare din func\u0163ia de procuror \u015fef al DNA a Laurei Codru\u0163a Kovesi, prezent\u00e2nd un raport de 36 de pagini cu 20 de puncte care prezint\u0103 20 de &#8220;categorii de acte \u015fi fapte&#8221; din perioada februarie 2017 &#8211; februarie 2018, pe care Toader i le imput\u0103 \u015fefei DNA.<\/p>\n<p>Ministrul Justi\u0163iei a ar\u0103tat c\u0103 \u00eentr-un singur an au fost \u00eenregistrate trei conflicte juridice de natur\u0103 constitu\u0163ional\u0103 \u00een cadrul c\u0103rora DNA a fost chemat\u0103 \u00een fa\u0163a instan\u0163ei de contencios consitu\u0163ional, iar &#8220;CCR a sanc\u0163ionat comportamentul lipsit de loialitate din partea procurorului \u015fef al DNA\u201d. El a sus\u0163inut c\u0103 \u00een cazul anchetei declan\u015fate dup\u0103 adoptarea OUG 13 DNA \u015fi-a arogat o competen\u0163\u0103 pe care nu o are, respectiv de a aprecia oportunitatea emiterii unui act normativ, \u015fi c\u0103 prin declan\u015farea unei ample anchete penale, care s-a concretizat \u00een descinderi la Ministerul Justi\u0163iei, ridicare de acte, s-a creat o stare de tensiune \u015fi de presiune psihic\u0103, iar Guvernul a fost blocat \u00een activitatea de legiutor. Toader a mai sus\u0163inut c\u0103 \u015fefa DNA a continuat s\u0103 \u00eencalce Constitu\u0163ia prin anchetarea hot\u0103r\u00e2rilor de Guvern \u00een cazul Belina.<\/p>\n<p>De asemenea, Tudorel Toader i-a mai imputat, printre altele, Laurei Codru\u0163a Kovesi: \u00eempiedicarea afl\u0103rii adev\u0103rului \u015fi l\u0103muririi unor aspecte de interes public, prin refuzul de a se prezenta la audierile comisiilor parlamentare de anchet\u0103, contestarea actelor \u015fi autorit\u0103\u0163ii Cur\u0163ii Constitu\u0163ionale, implicarea \u00een anchetele altor procurori, comportamentul excesiv de autoritar, discre\u0163ionar, contrar obliga\u0163iilor de rezerv\u0103 \u015fi deontologice impuse magistra\u0163ilor, prioritizarea solu\u0163ion\u0103rii dosarelor cu impact mediatic, \u00eencercarea de a ob\u0163ine condamn\u0103ri cu orice pre\u0163, cre\u015fterea num\u0103rului de achit\u0103ri, sporirea cheltuielilor DNA \u015fi raport\u0103ri eronate, tergiversarea solu\u0163ion\u0103rii unor cauze, invoc\u00e2nd dosarul Microsoft, neimplicarea \u00een identificarea \u015fi eliminarea comportamentelor abuzive presupuse a fi comise de procurori, falsificarea transcrierii unor convorbiri telefonice, lipsa de reac\u0163ie \u00een verificarea activit\u0103\u0163ii profesionale \u015fi conduitei unor procurori de la DNA Ploie\u015fti.<\/p>\n<p>\u00cen 16 aprilie, pre\u015fedintele Klaus Iohannis a anun\u0163at c\u0103 nu va da curs propunerii ministrului Justi\u0163iei de revocare a \u015fefei DNA, spun\u00e2nd c\u0103 motivele de revocare prezentate de ministrul Justi\u0163iei nu au fost de natur\u0103 s\u0103 \u00eel conving\u0103.\n<\/p><\/div>\n<p> Source URL: https:\/\/observatornews.ro\/politic\/ccr-decide-azi-constitutionalitatea-respingerii-de-catre-klaus-iohannis-a-cererii-de-revocare-a-sefei-dna-laura-codruta-kovesi-255090.html<\/p>\n","protected":false},"excerpt":{"rendered":"<p>Decizia Cur\u0163ii Constitu\u0163ionale privind solu\u0163ionarea conflictului juridic de natur\u0103 constitu\u0163ional\u0103 \u00eentre ministrul Justi\u0163iei \u015fi pre\u015fedintele Klaus Iohannis \u015fi \u00eentre Guvern \u015fi pre\u015fedinte, \u00een subsidiar, ca urmare a respingerii de c\u0103tre \u015feful statului a cererii de revocare a \u015fefei DNA, Laura Codru\u0163a Kovesi, este a\u015fteptat\u0103 miercuri. Decizia Cur\u0163ii Constitu\u0163ionale privind solu\u0163ionarea conflictului juridic de natur\u0103 constitu\u0163ional\u0103 [&hellip;]<\/p>\n","protected":false},"author":1,"featured_media":336264,"comment_status":"open","ping_status":"","sticky":false,"template":"","format":"standard","meta":{"footnotes":""},"categories":[2],"tags":[30],"class_list":["post-336263","post","type-post","status-publish","format-standard","has-post-thumbnail","hentry","category-politics","tag-observatornews-ro"],"_links":{"self":[{"href":"https:\/\/analyse.optim.biz\/index.php?rest_route=\/wp\/v2\/posts\/336263","targetHints":{"allow":["GET"]}}],"collection":[{"href":"https:\/\/analyse.optim.biz\/index.php?rest_route=\/wp\/v2\/posts"}],"about":[{"href":"https:\/\/analyse.optim.biz\/index.php?rest_route=\/wp\/v2\/types\/post"}],"author":[{"embeddable":true,"href":"https:\/\/analyse.optim.biz\/index.php?rest_route=\/wp\/v2\/users\/1"}],"replies":[{"embeddable":true,"href":"https:\/\/analyse.optim.biz\/index.php?rest_route=%2Fwp%2Fv2%2Fcomments&post=336263"}],"version-history":[{"count":0,"href":"https:\/\/analyse.optim.biz\/index.php?rest_route=\/wp\/v2\/posts\/336263\/revisions"}],"wp:featuredmedia":[{"embeddable":true,"href":"https:\/\/analyse.optim.biz\/index.php?rest_route=\/wp\/v2\/media\/336264"}],"wp:attachment":[{"href":"https:\/\/analyse.optim.biz\/index.php?rest_route=%2Fwp%2Fv2%2Fmedia&parent=336263"}],"wp:term":[{"taxonomy":"category","embeddable":true,"href":"https:\/\/analyse.optim.biz\/index.php?rest_route=%2Fwp%2Fv2%2Fcategories&post=336263"},{"taxonomy":"post_tag","embeddable":true,"href":"https:\/\/analyse.optim.biz\/index.php?rest_route=%2Fwp%2Fv2%2Ftags&post=336263"}],"curies":[{"name":"wp","href":"https:\/\/api.w.org\/{rel}","templated":true}]}}