{"id":335969,"date":"2018-06-04T16:37:26","date_gmt":"2018-06-04T13:37:26","guid":{"rendered":"https:\/\/analyse.optim.biz\/?p=335969"},"modified":"2018-06-04T16:37:26","modified_gmt":"2018-06-04T13:37:26","slug":"psd-organizeaza-miting-impotriva-abuzurilor-pnl-raspunde-cu-un-alt-protest","status":"publish","type":"post","link":"https:\/\/analyse.optim.biz\/?p=335969","title":{"rendered":"PSD organizeaz\u0103 miting \u00eempotriva abuzurilor. PNL r\u0103spunde cu un alt protest"},"content":{"rendered":"<div class=\"description\" data-key=\"description\">Este fierbere pe scena politic\u0103. PSD a anun\u0163at mitingul &#8220;\u00eempotriva abuzurilor&#8221;, la care se vor str\u00e2nge, spun liderii, &#8220;sute de mii de oameni&#8221;. Protestul va avea loc s\u00e2mb\u0103t\u0103 sear\u0103, \u00een Bucure\u015fti. De cealalt\u0103 parte, opozi\u0163ia face calcule pentru depunerea mo\u0163iunii de cenzur\u0103.<\/div>\n<div class=\"articleBody\" data-key=\"articleBody\">Este fierbere pe scena politic\u0103. PSD a anun\u0163at mitingul &#8220;\u00eempotriva abuzurilor&#8221;, la care se vor str\u00e2nge, spun liderii, &#8220;sute de mii de oameni&#8221;. Protestul va avea loc s\u00e2mb\u0103t\u0103 sear\u0103, \u00een Bucure\u015fti. De cealalt\u0103 parte, opozi\u0163ia face calcule pentru depunerea mo\u0163iunii de cenzur\u0103. \u00cen tot acest timp, CCR men\u0163ine suspansul.<\/p>\n<p>\u00cei a\u015ftept\u0103m pe to\u0163i cei care doresc s\u0103 tr\u0103iasc\u0103 \u00eentr-o \u0163ar\u0103 liber\u0103, \u00eentr-o \u0163ar\u0103 \u00een care s\u0103 nu fie institu\u0163ii \u00een teroare, a\u015fa i-a chemat Liviu Dragnea pe rom\u00e2ni la primul protest organizat vreodat\u0103 de un partid aflat la putere.\u00a0<\/p>\n<p>\u015eeful PSD vrea s\u0103 adune s\u00e2mb\u0103t\u0103 seara, \u00een Pia\u0163a Victoriei, sute de mii de membri de partid, dar \u015fi simpatizan\u0163i din toat\u0103 \u0163ara. Scopul mitingului, spune Dragnea, este ap\u0103rarea democra\u0163iei \u015fi a justi\u0163iei.<\/p>\n<p>LIVIU DRAGNEA, lider PSD:<br \/>\nFacem acest miting pentru a ar\u0103ta c\u0103 suntem deci\u015fi s\u0103 mergem p\u00e2n\u0103 la cap\u0103t, ca Rom\u00e2nia s\u0103 devin\u0103 o \u0163ar\u0103 democratic\u0103, o \u0163ar\u0103 unde libert\u0103\u0163ile \u015fi drepturile fundamentrale ale cet\u0103\u0163enilor sunt respectate<\/p>\n<p>Dup\u0103 o adev\u0103rat\u0103 curs\u0103 pe holurile Parlamentului, Viorica D\u0103ncil\u0103 le-a spus jurnali\u015ftilor c\u0103 va fi prezent\u0103 la protestul din fa\u0163a institu\u0163iei pe care o conduce.\u00a0<\/p>\n<p>Ideea suspend\u0103rii pre\u015fedintelui Iohannis \u00een cazul \u00een care nu o va revoca pe Laura Codru\u0163a Kovesi \u00eemparte partidul \u00een dou\u0103 tabere.\u00a0<\/p>\n<p>DUMITRU BUZATU, lider PSD Vaslui:<br \/>\n\u00cen cazul \u00een care presedintelke insista sa nu respecta ordinea constitutionala, nu avem de ales, trebuis sa declansam aceast\u0103 procedur\u0103.<\/p>\n<p>ROBERT NEGOI\u0162\u0102,\u00a0vicepre\u015fedinte PSD:<br \/>\nPentru Romania, sa intram \u00eentr-o astfel de aventura, \u00een acest moment, consider ca ar fi profund imprudent \u015fi nu ar trebui s\u0103 facem asta<\/p>\n<p>Opozi\u0163ia preg\u0103te\u015fte \u015fi ea proteste, dar \u015fi o mo\u0163iune de cenzur\u0103.<\/p>\n<p>LUDOVIC ORBAN,\u00a0pre\u015fedinte PNL:<br \/>\nVom face apel la cetatenii romani care s-au saturat de PSD. Ii vom chema la actiunile de protest alaturi de simpatizantii nostri.<\/p>\n<p>A reac\u0163ionat \u015fi societatea civil\u0103. 37 de organiza\u0163ii i-au trimis pre\u015fedintelui o scrisoare \u00een care \u00eei cer s\u0103 organizeze consult\u0103ri cu partidele, ONG-urile \u015fi organiza\u0163iile din justi\u0163ie, \u00een urma deciziei CCR pe tema revoc\u0103rii \u015fefei DNA.\u00a0<\/p>\n<p>\u00cen tot acest timp, documentul Cur\u0163ii Constitu\u0163ionale prin care motiva decizia de revocare a Laurei Codru\u0163a Kovesi nu e \u00eenc\u0103 finalizat.\u00a0\n<\/p><\/div>\n<p> Source URL: https:\/\/observatornews.ro\/politic\/psd-miting-impotriva-abuzurilor-255809.html<\/p>\n","protected":false},"excerpt":{"rendered":"<p>Este fierbere pe scena politic\u0103. PSD a anun\u0163at mitingul &#8220;\u00eempotriva abuzurilor&#8221;, la care se vor str\u00e2nge, spun liderii, &#8220;sute de mii de oameni&#8221;. Protestul va avea loc s\u00e2mb\u0103t\u0103 sear\u0103, \u00een Bucure\u015fti. De cealalt\u0103 parte, opozi\u0163ia face calcule pentru depunerea mo\u0163iunii de cenzur\u0103. Este fierbere pe scena politic\u0103. PSD a anun\u0163at mitingul &#8220;\u00eempotriva abuzurilor&#8221;, la care [&hellip;]<\/p>\n","protected":false},"author":1,"featured_media":335970,"comment_status":"open","ping_status":"","sticky":false,"template":"","format":"standard","meta":{"footnotes":""},"categories":[2],"tags":[30],"class_list":["post-335969","post","type-post","status-publish","format-standard","has-post-thumbnail","hentry","category-politics","tag-observatornews-ro"],"_links":{"self":[{"href":"https:\/\/analyse.optim.biz\/index.php?rest_route=\/wp\/v2\/posts\/335969","targetHints":{"allow":["GET"]}}],"collection":[{"href":"https:\/\/analyse.optim.biz\/index.php?rest_route=\/wp\/v2\/posts"}],"about":[{"href":"https:\/\/analyse.optim.biz\/index.php?rest_route=\/wp\/v2\/types\/post"}],"author":[{"embeddable":true,"href":"https:\/\/analyse.optim.biz\/index.php?rest_route=\/wp\/v2\/users\/1"}],"replies":[{"embeddable":true,"href":"https:\/\/analyse.optim.biz\/index.php?rest_route=%2Fwp%2Fv2%2Fcomments&post=335969"}],"version-history":[{"count":0,"href":"https:\/\/analyse.optim.biz\/index.php?rest_route=\/wp\/v2\/posts\/335969\/revisions"}],"wp:featuredmedia":[{"embeddable":true,"href":"https:\/\/analyse.optim.biz\/index.php?rest_route=\/wp\/v2\/media\/335970"}],"wp:attachment":[{"href":"https:\/\/analyse.optim.biz\/index.php?rest_route=%2Fwp%2Fv2%2Fmedia&parent=335969"}],"wp:term":[{"taxonomy":"category","embeddable":true,"href":"https:\/\/analyse.optim.biz\/index.php?rest_route=%2Fwp%2Fv2%2Fcategories&post=335969"},{"taxonomy":"post_tag","embeddable":true,"href":"https:\/\/analyse.optim.biz\/index.php?rest_route=%2Fwp%2Fv2%2Ftags&post=335969"}],"curies":[{"name":"wp","href":"https:\/\/api.w.org\/{rel}","templated":true}]}}