{"id":335967,"date":"2018-06-05T08:44:00","date_gmt":"2018-06-05T05:44:00","guid":{"rendered":"https:\/\/analyse.optim.biz\/?p=335967"},"modified":"2018-06-05T08:44:00","modified_gmt":"2018-06-05T05:44:00","slug":"klaus-iohannis-o-decizie-ccr-nu-poate-fi-discutata-prin-referendum","status":"publish","type":"post","link":"https:\/\/analyse.optim.biz\/?p=335967","title":{"rendered":"Klaus Iohannis: &#8220;O decizie CCR nu poate fi discutat\u0103 prin referendum&#8221;"},"content":{"rendered":"<div class=\"description\" data-key=\"description\">Pre\u015fedintele Klaus Iohannis a declarat, mar\u0163i, c\u0103 nu se pronun\u0163\u0103 \u00een privin\u0163a revoc\u0103rii \u015fefei DNA dec\u00e2t dup\u0103 ce va primi motivarea CCR \u015fi o va citi cu foarte mare aten\u0163ie.<\/div>\n<div class=\"articleBody\" data-key=\"articleBody\">Pre\u015fedintele Klaus Iohannis a declarat, mar\u0163i, c\u0103 nu se pronun\u0163\u0103 \u00een privin\u0163a revoc\u0103rii \u015fefei DNA dec\u00e2t dup\u0103 ce va primi motivarea CCR \u015fi o va citi cu foarte mare aten\u0163ie.<\/p>\n<p>\u015eeful statului a precizat, \u00eens\u0103, c\u0103 ia \u00een calcul s\u0103 respecte\u00a0statul de drept, s\u0103 \u00eel \u00eent\u0103reasc\u0103, s\u0103 aib\u0103 grij\u0103 ca procurorii s\u0103 r\u0103m\u00e2n\u0103 independen\u0163i, cu respectarea Constitu\u0163iei, subliniind c\u0103 articolul din legea fundamental\u0103 care spune c\u0103 procurorii \u00ee\u015fi desf\u0103\u015foar\u0103 activitatea sub autoritatea ministrului Justi\u0163iei nu poate \u00eensemna sub nicio form\u0103 \u00een subordinea acestuia.<\/p>\n<p>Pre\u015fedintele a mai declarat c\u0103 o decizie CCR nu poate fi discutat\u0103 prin referendum.\n<\/p><\/div>\n<p> Source URL: https:\/\/observatornews.ro\/politic\/iohannis-o-decizie-ccr-nu-poate-fi-discutata-prin-referendum-255870.html<\/p>\n","protected":false},"excerpt":{"rendered":"<p>Pre\u015fedintele Klaus Iohannis a declarat, mar\u0163i, c\u0103 nu se pronun\u0163\u0103 \u00een privin\u0163a revoc\u0103rii \u015fefei DNA dec\u00e2t dup\u0103 ce va primi motivarea CCR \u015fi o va citi cu foarte mare aten\u0163ie. Pre\u015fedintele Klaus Iohannis a declarat, mar\u0163i, c\u0103 nu se pronun\u0163\u0103 \u00een privin\u0163a revoc\u0103rii \u015fefei DNA dec\u00e2t dup\u0103 ce va primi motivarea CCR \u015fi o va [&hellip;]<\/p>\n","protected":false},"author":1,"featured_media":335968,"comment_status":"open","ping_status":"","sticky":false,"template":"","format":"standard","meta":{"footnotes":""},"categories":[2],"tags":[30],"class_list":["post-335967","post","type-post","status-publish","format-standard","has-post-thumbnail","hentry","category-politics","tag-observatornews-ro"],"_links":{"self":[{"href":"https:\/\/analyse.optim.biz\/index.php?rest_route=\/wp\/v2\/posts\/335967","targetHints":{"allow":["GET"]}}],"collection":[{"href":"https:\/\/analyse.optim.biz\/index.php?rest_route=\/wp\/v2\/posts"}],"about":[{"href":"https:\/\/analyse.optim.biz\/index.php?rest_route=\/wp\/v2\/types\/post"}],"author":[{"embeddable":true,"href":"https:\/\/analyse.optim.biz\/index.php?rest_route=\/wp\/v2\/users\/1"}],"replies":[{"embeddable":true,"href":"https:\/\/analyse.optim.biz\/index.php?rest_route=%2Fwp%2Fv2%2Fcomments&post=335967"}],"version-history":[{"count":0,"href":"https:\/\/analyse.optim.biz\/index.php?rest_route=\/wp\/v2\/posts\/335967\/revisions"}],"wp:featuredmedia":[{"embeddable":true,"href":"https:\/\/analyse.optim.biz\/index.php?rest_route=\/wp\/v2\/media\/335968"}],"wp:attachment":[{"href":"https:\/\/analyse.optim.biz\/index.php?rest_route=%2Fwp%2Fv2%2Fmedia&parent=335967"}],"wp:term":[{"taxonomy":"category","embeddable":true,"href":"https:\/\/analyse.optim.biz\/index.php?rest_route=%2Fwp%2Fv2%2Fcategories&post=335967"},{"taxonomy":"post_tag","embeddable":true,"href":"https:\/\/analyse.optim.biz\/index.php?rest_route=%2Fwp%2Fv2%2Ftags&post=335967"}],"curies":[{"name":"wp","href":"https:\/\/api.w.org\/{rel}","templated":true}]}}