{"id":335916,"date":"2018-06-05T09:42:00","date_gmt":"2018-06-05T06:42:00","guid":{"rendered":"https:\/\/analyse.optim.biz\/?p=335916"},"modified":"2018-06-05T09:42:00","modified_gmt":"2018-06-05T06:42:00","slug":"presedintele-iohannis-despre-mitingul-psd-din-9-iunie-o-abordare-caraghioasa-si-pur-populista","status":"publish","type":"post","link":"https:\/\/analyse.optim.biz\/?p=335916","title":{"rendered":"Pre\u015fedintele Iohannis, despre mitingul PSD din 9 iunie: &#8220;O abordare caraghioas\u0103 \u015fi pur populist\u0103&#8221;"},"content":{"rendered":"<div class=\"description\" data-key=\"description\">Pre\u015fedintele Klaus Iohannis a declarat c\u0103 mitingul pe care \u00eel va organiza PSD s\u00e2mb\u0103t\u0103 seara i se pare \u201do abordare caraghioas\u0103 \u015fi pur populist\u0103\u201d.<\/div>\n<div class=\"articleBody\" data-key=\"articleBody\">Pre\u015fedintele Klaus Iohannis a declarat c\u0103 protestul se asociaz\u0103 \u00een mod normal \u00eentr-o democra\u0163ie cu opozi\u0163ia sau cu societatea civil\u0103 nemul\u0163umit\u0103 de guvernare, iar mitingul pe care \u00eel va organiza PSD s\u00e2mb\u0103t\u0103 seara i se pare \u201do abordare caraghioas\u0103 \u015fi pur populist\u0103\u201d.<\/p>\n<p>\u201dMitingurile sunt o form\u0103 de protest \u015fi protestul se asociaz\u0103 \u00een mod normal \u00eentr-o democra\u0163ie cu opozi\u0163ia sau cu societatea civil\u0103 nemul\u0163umit\u0103 de guvernare. \u00cen nicio societate normal\u0103 miting de protest nu se asociaz\u0103 cu cei de la putere. Cei de la putere au Guvernul, au Parlamentul, au toate instrumentele pentru a rezolva problemele \u0163\u0103rii. Ultima metod\u0103 este cea a protestului. Mi se pare o abordare caraghioas\u0103 \u015fi pur populist\u0103\u201d, a declarat pre\u015fedintele Iohannis.<\/p>\n<p>Mitingul organizat de PSD va avea loc \u00een 9 iunie de la ora 20:00, \u00een Pia\u0163a Victoriei, \u015fi va avea ca tem\u0103 ap\u0103rarea democra\u0163iei \u015fi a statului de drept, a afirmat luni, dup\u0103 \u015fedin\u0163a Comitetului Executiv Na\u0163ional, liderul partidului, Liviu Dragnea.<\/p>\n<p>Surs\u0103: News.ro\n<\/p><\/div>\n<p> Source URL: https:\/\/observatornews.ro\/politic\/iohannis-despre-mitingul-psd-o-abordare-caraghioasa-si-pur-populista-255878.html<\/p>\n","protected":false},"excerpt":{"rendered":"<p>Pre\u015fedintele Klaus Iohannis a declarat c\u0103 mitingul pe care \u00eel va organiza PSD s\u00e2mb\u0103t\u0103 seara i se pare \u201do abordare caraghioas\u0103 \u015fi pur populist\u0103\u201d. Pre\u015fedintele Klaus Iohannis a declarat c\u0103 protestul se asociaz\u0103 \u00een mod normal \u00eentr-o democra\u0163ie cu opozi\u0163ia sau cu societatea civil\u0103 nemul\u0163umit\u0103 de guvernare, iar mitingul pe care \u00eel va organiza PSD [&hellip;]<\/p>\n","protected":false},"author":1,"featured_media":0,"comment_status":"open","ping_status":"","sticky":false,"template":"","format":"standard","meta":{"footnotes":""},"categories":[2],"tags":[30],"class_list":["post-335916","post","type-post","status-publish","format-standard","hentry","category-politics","tag-observatornews-ro"],"_links":{"self":[{"href":"https:\/\/analyse.optim.biz\/index.php?rest_route=\/wp\/v2\/posts\/335916","targetHints":{"allow":["GET"]}}],"collection":[{"href":"https:\/\/analyse.optim.biz\/index.php?rest_route=\/wp\/v2\/posts"}],"about":[{"href":"https:\/\/analyse.optim.biz\/index.php?rest_route=\/wp\/v2\/types\/post"}],"author":[{"embeddable":true,"href":"https:\/\/analyse.optim.biz\/index.php?rest_route=\/wp\/v2\/users\/1"}],"replies":[{"embeddable":true,"href":"https:\/\/analyse.optim.biz\/index.php?rest_route=%2Fwp%2Fv2%2Fcomments&post=335916"}],"version-history":[{"count":0,"href":"https:\/\/analyse.optim.biz\/index.php?rest_route=\/wp\/v2\/posts\/335916\/revisions"}],"wp:attachment":[{"href":"https:\/\/analyse.optim.biz\/index.php?rest_route=%2Fwp%2Fv2%2Fmedia&parent=335916"}],"wp:term":[{"taxonomy":"category","embeddable":true,"href":"https:\/\/analyse.optim.biz\/index.php?rest_route=%2Fwp%2Fv2%2Fcategories&post=335916"},{"taxonomy":"post_tag","embeddable":true,"href":"https:\/\/analyse.optim.biz\/index.php?rest_route=%2Fwp%2Fv2%2Ftags&post=335916"}],"curies":[{"name":"wp","href":"https:\/\/api.w.org\/{rel}","templated":true}]}}