{"id":335915,"date":"2018-06-05T10:00:00","date_gmt":"2018-06-05T07:00:00","guid":{"rendered":"https:\/\/analyse.optim.biz\/?p=335915"},"modified":"2018-06-05T10:00:00","modified_gmt":"2018-06-05T07:00:00","slug":"klaus-iohannis-ccr-s-a-pus-singura-in-situatia-sa-i-fie-chestionata-respectarea-suprematiei-constitutiei","status":"publish","type":"post","link":"https:\/\/analyse.optim.biz\/?p=335915","title":{"rendered":"Klaus Iohannis: &#8220;CCR s-a pus singur\u0103 \u00een situa\u0163ia s\u0103-i fie chestionat\u0103 respectarea suprema\u0163iei Constitu\u0163iei&#8221;"},"content":{"rendered":"<div class=\"description\" data-key=\"description\">Klaus Iohannis a declarat c\u0103 CCR s-a pus singur\u0103 \u00een situa\u0163ia s\u0103-i fie chestionat\u0103 respectarea suprema\u0163iei Constitu\u0163iei.<\/div>\n<div class=\"articleBody\" data-key=\"articleBody\">Pre\u015fedintele Klaus Iohannis s-a referit, mar\u0163i, la situa\u0163ia \u00een care se afl\u0103 un judec\u0103tor al CCR, care este \u00een al zecelea an de mandat, de\u015fi chiar Curtea a stabilit c\u0103 este neconstitu\u0163ional ca un judec\u0103tor s\u0103 dep\u0103\u015feasc\u0103 nou\u0103 ani de mandat. Pre\u015fedintele a spus c\u0103, prin tolerarea acestei situa\u0163ii, CCR s-a pus singur\u0103 \u00een situa\u0163ia s\u0103-i fie chestionat\u0103 respectarea suprema\u0163iei Constitu\u0163iei.<\/p>\n<p>\u201dConsider c\u0103 este o problem\u0103 \u015fi nu este deloc o problem\u0103 simpl\u0103. \u00centr-adev\u0103r, toat\u0103 lumea se a\u015fteapt\u0103 ca primul actor care respect\u0103 cu sfin\u0163enie Constitu\u0163ia s\u0103 fie chiar CCR \u015fi afl\u0103m \u00een ultima vreme c\u0103 au ap\u0103rut \u00eendoieli, semne de \u00eentrebare, printr-o decizie a Cur\u0163ii care chiar ea declar\u0103 c\u0103 un mandat nu poate sub nicio form\u0103 dep\u0103\u015fi 9 ani, dar \u00een fapt este un judec\u0103tor care se afl\u0103 deja de 10 ani acolo. Nu e simplu s\u0103 tran\u015f\u0103m aceast\u0103 chestiune, dar e foarte regretabil c\u0103 avem aceast\u0103 situa\u0163ie, pentru c\u0103 prin tolerarea acestor mandate mai lungi, ca s\u0103 nu m\u0103 exprim altfel, chiar CCR s-a pus singur\u0103 \u00een situa\u0163ia s\u0103-i fie chestionat\u0103 respectarea suprema\u0163iei Constitu\u0163iei, a\u015fa cum scrie \u00een Constitu\u0163ie\u201d, a declarat Klaus Iohannis.<\/p>\n<p>El a \u0163inut s\u0103 fac\u0103 \u015fi o precizare \u00een privin\u0163a modului \u00een care se constat\u0103 \u00eencetarea mandatului unui judec\u0103tor constitu\u0163ional: \u201d\u00cen aceast\u0103 chestiune, da\u0163i-mi voie s\u0103 fac o precizare, fiindc\u0103 au ap\u0103rut aceste chestiuni \u00een spa\u0163iul public \u015fi este bine ca lumea s\u0103 \u015ftie. \u00cen cazul \u00een care mandatul unui judec\u0103tor constitu\u0163ional se termin\u0103, acest lucru se constat\u0103 de pre\u015fedintele Cur\u0163ii, nu de pre\u015fedintele Rom\u00e2niei, iar dac\u0103 sunt alte cauze pentru care trebuie s\u0103 se termine mandatul unui judec\u0103tor constitu\u0163ional, aceast\u0103 decizie se ia \u00een plenul Cur\u0163ii. Deci, pre\u015fedintele Rom\u00e2niei nu are nicio atribu\u0163ie practic\u0103 \u00een a constata vacan\u0163a unui mandat, dar cred c\u0103 de aceast\u0103 dat\u0103 CCR trebuie s\u0103 analizeze cu maxim\u0103 r\u0103spundere aceast\u0103 chestiune, pentru a nu r\u0103m\u00e2ne o umbr\u0103, o \u00eendoial\u0103 care planeaz\u0103 asupra felului \u00een care ac\u0163ioneaz\u0103 CCR\u201d.<\/p>\n<p>\u00cen leg\u0103tur\u0103 cu ceea ce se \u00eent\u00e2mpl\u0103 cu deciziile luate de CCR de c\u00e2nd este tolerat\u0103 aceast\u0103 situa\u0163ie, pre\u015fedintele Iohannis a declarat: \u201dE o \u00eentrebare pe care \u015fi-o pun mul\u0163i: dac\u0103 CCR ac\u0163ioneaz\u0103 \u00een atare \u00eemprejur\u0103ri, ce se \u00eent\u00e2mpl\u0103 cu deciziile care au fost luate? Aici trebuie s\u0103 consult\u0103m speciali\u015ftii \u015fi, paradoxal, tot CCR trebuie s\u0103 hot\u0103rasc\u0103 asupra propriului comportament\u201d.<\/p>\n<p>Ministrul Justi\u0163iei, Tudorel Toader, a scris, s\u00e2mb\u0103t\u0103, pe Facebook, c\u0103 \u201dorice decizie CCR produce efecte juridice\u201d \u015fi face referire la Decizia 136 din 20 martie 2018 care vizeaz\u0103 modificarea legii de func\u0163ionare a Cur\u0163ii Constitu\u0163ionale. \u00centruc\u00e2t parte dintre modific\u0103ri au fost declarate neconstitu\u0163ionale, Tudorel Toader afirm\u0103 c\u0103 \u201dlegea nu a fost promulgat\u0103, nu a fost publicat\u0103 \u00een Monitorul Oficial al Rom\u00e2niei, nu a intrat \u00een vigoare, iar Parlamentul este obligat s\u0103 reexamineze dispozi\u0163iile respective\u201d. \u00cen consecin\u0163\u0103, p\u00e2n\u0103 la adoptarea \u015fi intrarea \u00een vigoare a normelor de modificare a Legii nr.47\/1992, aceasta continu\u0103 s\u0103 se aplice \u00een redactarea \u00een vigoare.<\/p>\n<p>Preciz\u0103rile ministului Justi\u0163iei au venit dup\u0103 ce G4Media.ro a publicat un material \u00een care afirm\u0103 c\u0103 unul dintre judec\u0103torii CCR, Petre L\u0103z\u0103roiu, se afl\u0103 \u00een func\u0163ie de 10 ani, \u00een condi\u0163iile \u00een care Constitu\u0163ia prevede c\u0103 mandatele sunt de 9 ani \u015fi a fost pronun\u0163at\u0103 \u015fi o decizie a Cur\u0163ii \u00een acest sens.\u00a0Potrivit sursei citate, doi judec\u0103tori au avut, de-a lungul timpului, mandate la CCR mai mari dec\u00e2t se prevede \u00een Constitu\u0163ie, cel de-al doilea fiind Tudorel Toader.<\/p>\n<p>Surs\u0103: News.ro\n<\/p><\/div>\n<p> Source URL: https:\/\/observatornews.ro\/politic\/iohannis-despre-ccr-respectare-suprematie-constitutie-255881.html<\/p>\n","protected":false},"excerpt":{"rendered":"<p>Klaus Iohannis a declarat c\u0103 CCR s-a pus singur\u0103 \u00een situa\u0163ia s\u0103-i fie chestionat\u0103 respectarea suprema\u0163iei Constitu\u0163iei. Pre\u015fedintele Klaus Iohannis s-a referit, mar\u0163i, la situa\u0163ia \u00een care se afl\u0103 un judec\u0103tor al CCR, care este \u00een al zecelea an de mandat, de\u015fi chiar Curtea a stabilit c\u0103 este neconstitu\u0163ional ca un judec\u0103tor s\u0103 dep\u0103\u015feasc\u0103 nou\u0103 [&hellip;]<\/p>\n","protected":false},"author":1,"featured_media":0,"comment_status":"open","ping_status":"","sticky":false,"template":"","format":"standard","meta":{"footnotes":""},"categories":[2],"tags":[30],"class_list":["post-335915","post","type-post","status-publish","format-standard","hentry","category-politics","tag-observatornews-ro"],"_links":{"self":[{"href":"https:\/\/analyse.optim.biz\/index.php?rest_route=\/wp\/v2\/posts\/335915","targetHints":{"allow":["GET"]}}],"collection":[{"href":"https:\/\/analyse.optim.biz\/index.php?rest_route=\/wp\/v2\/posts"}],"about":[{"href":"https:\/\/analyse.optim.biz\/index.php?rest_route=\/wp\/v2\/types\/post"}],"author":[{"embeddable":true,"href":"https:\/\/analyse.optim.biz\/index.php?rest_route=\/wp\/v2\/users\/1"}],"replies":[{"embeddable":true,"href":"https:\/\/analyse.optim.biz\/index.php?rest_route=%2Fwp%2Fv2%2Fcomments&post=335915"}],"version-history":[{"count":0,"href":"https:\/\/analyse.optim.biz\/index.php?rest_route=\/wp\/v2\/posts\/335915\/revisions"}],"wp:attachment":[{"href":"https:\/\/analyse.optim.biz\/index.php?rest_route=%2Fwp%2Fv2%2Fmedia&parent=335915"}],"wp:term":[{"taxonomy":"category","embeddable":true,"href":"https:\/\/analyse.optim.biz\/index.php?rest_route=%2Fwp%2Fv2%2Fcategories&post=335915"},{"taxonomy":"post_tag","embeddable":true,"href":"https:\/\/analyse.optim.biz\/index.php?rest_route=%2Fwp%2Fv2%2Ftags&post=335915"}],"curies":[{"name":"wp","href":"https:\/\/api.w.org\/{rel}","templated":true}]}}