{"id":335913,"date":"2018-06-05T10:33:00","date_gmt":"2018-06-05T07:33:00","guid":{"rendered":"https:\/\/analyse.optim.biz\/?p=335913"},"modified":"2018-06-05T10:33:00","modified_gmt":"2018-06-05T07:33:00","slug":"premierul-dancila-intalnire-la-palatul-victoria-cu-ministrul-de-externe-al-muntenegrului","status":"publish","type":"post","link":"https:\/\/analyse.optim.biz\/?p=335913","title":{"rendered":"Premierul D\u0103ncil\u0103, \u00eent\u00e2lnire la Palatul Victoria cu ministrul de externe al Muntenegrului"},"content":{"rendered":"<div class=\"description\" data-key=\"description\">Premierul Viorica D\u0103ncil\u0103 s-a \u00eent\u00e2lnit mar\u0163i, la Palatul Victoria, pe ministrul de externe al Muntenegrului, Srdjan Darmanovi\u0107, aflat \u00een vizit\u0103 oficial\u0103 la Bucure\u015fti.<\/div>\n<div class=\"articleBody\" data-key=\"articleBody\">Premierul Viorica D\u0103ncil\u0103 s-a \u00eent\u00e2lnit mar\u0163i, la Palatul Victoria, cu\u00a0ministrul de externe al Muntenegrului,\u00a0Srdjan Darmanovi\u0107, aflat \u00een vizit\u0103\u00a0la Bucure\u015fti. Cei doi oficiali au purtat discu\u0163ii despre importan\u0163a ader\u0103rii Muntenegrului la NATO, iar premierul D\u0103ncil\u0103 a dat asigur\u0103ri c\u0103 sus\u0163ine \u015fi aderarea la Uniunea European\u0103 a Muntenegrului.<\/p>\n<p>Vizita ministrului de externe are loc dup\u0103 un an de la\u00a0aderarea Muntenegrului la NATO.<\/p>\n<p>&#8220;\u00cen cadrul discu\u0163iilor, prim-ministrul rom\u00e2n a subliniat importan\u0163a major\u0103 a acestei op\u0163iuni strategice clare a Muntenegrului, care reconfirm\u0103 \u015fi validitatea Politicii Por\u0163ilor Deschise, \u00een perspectiva Summitului NATO din acest an&#8221;, se arat\u0103 \u00een comunicatul citat.\n<\/p><\/div>\n<p> Source URL: https:\/\/observatornews.ro\/politic\/intalnire-dancila-si-premierul-muntenegrului-255889.html<\/p>\n","protected":false},"excerpt":{"rendered":"<p>Premierul Viorica D\u0103ncil\u0103 s-a \u00eent\u00e2lnit mar\u0163i, la Palatul Victoria, pe ministrul de externe al Muntenegrului, Srdjan Darmanovi\u0107, aflat \u00een vizit\u0103 oficial\u0103 la Bucure\u015fti. Premierul Viorica D\u0103ncil\u0103 s-a \u00eent\u00e2lnit mar\u0163i, la Palatul Victoria, cu\u00a0ministrul de externe al Muntenegrului,\u00a0Srdjan Darmanovi\u0107, aflat \u00een vizit\u0103\u00a0la Bucure\u015fti. Cei doi oficiali au purtat discu\u0163ii despre importan\u0163a ader\u0103rii Muntenegrului la NATO, iar [&hellip;]<\/p>\n","protected":false},"author":1,"featured_media":335914,"comment_status":"open","ping_status":"","sticky":false,"template":"","format":"standard","meta":{"footnotes":""},"categories":[2],"tags":[30],"class_list":["post-335913","post","type-post","status-publish","format-standard","has-post-thumbnail","hentry","category-politics","tag-observatornews-ro"],"_links":{"self":[{"href":"https:\/\/analyse.optim.biz\/index.php?rest_route=\/wp\/v2\/posts\/335913","targetHints":{"allow":["GET"]}}],"collection":[{"href":"https:\/\/analyse.optim.biz\/index.php?rest_route=\/wp\/v2\/posts"}],"about":[{"href":"https:\/\/analyse.optim.biz\/index.php?rest_route=\/wp\/v2\/types\/post"}],"author":[{"embeddable":true,"href":"https:\/\/analyse.optim.biz\/index.php?rest_route=\/wp\/v2\/users\/1"}],"replies":[{"embeddable":true,"href":"https:\/\/analyse.optim.biz\/index.php?rest_route=%2Fwp%2Fv2%2Fcomments&post=335913"}],"version-history":[{"count":0,"href":"https:\/\/analyse.optim.biz\/index.php?rest_route=\/wp\/v2\/posts\/335913\/revisions"}],"wp:featuredmedia":[{"embeddable":true,"href":"https:\/\/analyse.optim.biz\/index.php?rest_route=\/wp\/v2\/media\/335914"}],"wp:attachment":[{"href":"https:\/\/analyse.optim.biz\/index.php?rest_route=%2Fwp%2Fv2%2Fmedia&parent=335913"}],"wp:term":[{"taxonomy":"category","embeddable":true,"href":"https:\/\/analyse.optim.biz\/index.php?rest_route=%2Fwp%2Fv2%2Fcategories&post=335913"},{"taxonomy":"post_tag","embeddable":true,"href":"https:\/\/analyse.optim.biz\/index.php?rest_route=%2Fwp%2Fv2%2Ftags&post=335913"}],"curies":[{"name":"wp","href":"https:\/\/api.w.org\/{rel}","templated":true}]}}