{"id":335777,"date":"2018-06-08T13:04:00","date_gmt":"2018-06-08T10:04:00","guid":{"rendered":"https:\/\/analyse.optim.biz\/?p=335777"},"modified":"2018-06-08T13:04:00","modified_gmt":"2018-06-08T10:04:00","slug":"tudorel-toader-asteptam-ca-presedintele-sa-citeasca-motivarea-curtii-sa-inteleaga-continutul-si-obligatiile-care-i-revin","status":"publish","type":"post","link":"https:\/\/analyse.optim.biz\/?p=335777","title":{"rendered":"Tudorel Toader: &#8220;A\u015ftept\u0103m ca pre\u015fedintele s\u0103 citeasc\u0103 motivarea Cur\u0163ii, s\u0103 \u00een\u0163eleag\u0103 con\u0163inutul \u015fi obliga\u0163iile care-i revin&#8221;"},"content":{"rendered":"<div class=\"description\" data-key=\"description\">Ministrul Justi\u0163iei, Tudorel Toader, afirm\u0103 c\u0103 nu \u00ee\u015fi imagineaz\u0103 c\u0103 pre\u015fedintele Klaus Iohannis nu va aplica decizia Cur\u0163ii Constitu\u0163ionale, \u00een condi\u0163iile \u00een care le cere rom\u00e2nilor s\u0103 respecte legea.<\/div>\n<div class=\"articleBody\" data-key=\"articleBody\">Ministrul Justi\u0163iei, Tudorel Toader, afirm\u0103 c\u0103 nu \u00ee\u015fi imagineaz\u0103 c\u0103 pre\u015fedintele Klaus Iohannis nu va aplica decizia Cur\u0163ii Constitu\u0163ionale, \u00een condi\u0163iile \u00een care le cere rom\u00e2nilor s\u0103 respecte legea. Toader spune c\u0103 a\u015fteapt\u0103 revenirea \u00een \u0163ar\u0103 a pre\u015fedintelui pentru a citi motivarea Cur\u0163ii \u015fi momentul \u00een care o va \u00een\u0163elege, pentru a o aplica.<\/p>\n<p>Prezent vineri \u00eentr-o conferin\u0163\u0103 de pres\u0103 la Arad, ministrul Justi\u0163iei, Tudorel Toader, a fost \u00eentrebat care sunt pa\u015fii care urmeaz\u0103 dup\u0103 publicarea motiv\u0103rii Cur\u0163ii Constitu\u0163ionale \u00een cazul conflictului solu\u0163ionat dintre ministru \u015fi pre\u015fedintele statului pe tema revoc\u0103rii \u015fefei DNA, Toader ar\u0103t\u00e2nd c\u0103 a\u015fteapt\u0103 revenirea \u00een \u0163ar\u0103 a pre\u015fedintelui.<\/p>\n<p>\u201dA\u015ftept\u0103m s\u0103 vin\u0103 pre\u015fedintele din str\u0103in\u0103tate, s\u0103 citeasc\u0103 motivarea, cum a spus, a zis c\u0103 o va citi p\u00e2n\u0103 o va \u00een\u0163elege, a\u015ftept\u0103m momentul s\u0103 \u00een\u0163eleag\u0103 con\u0163inutul \u015fi obliga\u0163iile care-i revin, a\u015ftept\u0103m comportamentul loial constitu\u0163ional pe care eu sunt convins c\u0103 \u00eel va avea. Nu \u00eemi imaginez altfel, am trecut \u015fi eu prin mai multe func\u0163ii, trei mandate de decan de facultate de drept, mandat de rector, de judec\u0103tor la Curtea Constitu\u0163ional\u0103, eu nu \u00eemi \u00eenchipui c\u0103 un demnitar la cel mai \u00eenalt rang \u00een statul \u0103sta ne va \u00eendemna pe noi, rom\u00e2nii, s\u0103 respect\u0103m legea, iar el s\u0103 nu respecte Constitu\u0163ia. Nu cred a\u015fa ceva\u201d, a spus Toader.<\/p>\n<p>Pre\u015fedintele Klaus Iohannis a declarat, mar\u0163i, c\u0103 nu se pronun\u0163\u0103 \u00een privin\u0163a revoc\u0103rii \u015fefei DNA dec\u00e2t dup\u0103 ce va primi motivarea CCR \u015fi o va citi cu foarte mare aten\u0163ie.\u00a0<\/p>\n<p>\u201dA\u015fa cum am spus, a\u015ftept motivarea Cur\u0163ii, pe care o vom citi p\u00e2n\u0103 o \u00een\u0163elegem sau p\u00e2n\u0103 \u00een\u0163elegem ceva din ea, dup\u0103 care voi comunica ce trebuie f\u0103cut sau ce voi face eu mai exact\u201d, le-a spus pre\u015fedintele jurnali\u015ftilor.<\/p>\n<p>Surs\u0103: News.ro\n<\/p><\/div>\n<p> Source URL: https:\/\/observatornews.ro\/politic\/tudorel-toader-asteptam-ca-presedintele-sa-citeasca-motivarea-curtii-256374.html<\/p>\n","protected":false},"excerpt":{"rendered":"<p>Ministrul Justi\u0163iei, Tudorel Toader, afirm\u0103 c\u0103 nu \u00ee\u015fi imagineaz\u0103 c\u0103 pre\u015fedintele Klaus Iohannis nu va aplica decizia Cur\u0163ii Constitu\u0163ionale, \u00een condi\u0163iile \u00een care le cere rom\u00e2nilor s\u0103 respecte legea. Ministrul Justi\u0163iei, Tudorel Toader, afirm\u0103 c\u0103 nu \u00ee\u015fi imagineaz\u0103 c\u0103 pre\u015fedintele Klaus Iohannis nu va aplica decizia Cur\u0163ii Constitu\u0163ionale, \u00een condi\u0163iile \u00een care le cere rom\u00e2nilor [&hellip;]<\/p>\n","protected":false},"author":1,"featured_media":335778,"comment_status":"open","ping_status":"","sticky":false,"template":"","format":"standard","meta":{"footnotes":""},"categories":[2],"tags":[30],"class_list":["post-335777","post","type-post","status-publish","format-standard","has-post-thumbnail","hentry","category-politics","tag-observatornews-ro"],"_links":{"self":[{"href":"https:\/\/analyse.optim.biz\/index.php?rest_route=\/wp\/v2\/posts\/335777","targetHints":{"allow":["GET"]}}],"collection":[{"href":"https:\/\/analyse.optim.biz\/index.php?rest_route=\/wp\/v2\/posts"}],"about":[{"href":"https:\/\/analyse.optim.biz\/index.php?rest_route=\/wp\/v2\/types\/post"}],"author":[{"embeddable":true,"href":"https:\/\/analyse.optim.biz\/index.php?rest_route=\/wp\/v2\/users\/1"}],"replies":[{"embeddable":true,"href":"https:\/\/analyse.optim.biz\/index.php?rest_route=%2Fwp%2Fv2%2Fcomments&post=335777"}],"version-history":[{"count":0,"href":"https:\/\/analyse.optim.biz\/index.php?rest_route=\/wp\/v2\/posts\/335777\/revisions"}],"wp:featuredmedia":[{"embeddable":true,"href":"https:\/\/analyse.optim.biz\/index.php?rest_route=\/wp\/v2\/media\/335778"}],"wp:attachment":[{"href":"https:\/\/analyse.optim.biz\/index.php?rest_route=%2Fwp%2Fv2%2Fmedia&parent=335777"}],"wp:term":[{"taxonomy":"category","embeddable":true,"href":"https:\/\/analyse.optim.biz\/index.php?rest_route=%2Fwp%2Fv2%2Fcategories&post=335777"},{"taxonomy":"post_tag","embeddable":true,"href":"https:\/\/analyse.optim.biz\/index.php?rest_route=%2Fwp%2Fv2%2Ftags&post=335777"}],"curies":[{"name":"wp","href":"https:\/\/api.w.org\/{rel}","templated":true}]}}