{"id":335714,"date":"2018-06-09T12:21:00","date_gmt":"2018-06-09T09:21:00","guid":{"rendered":"https:\/\/analyse.optim.biz\/?p=335714"},"modified":"2018-06-09T12:21:00","modified_gmt":"2018-06-09T09:21:00","slug":"ministrul-mihai-fifor-merge-la-mitingul-psd-institutiile-statului-trebuie-sa-revina-la-functionarea-lor-legala-si-constitutionala","status":"publish","type":"post","link":"https:\/\/analyse.optim.biz\/?p=335714","title":{"rendered":"Ministrul Mihai Fifor merge la mitingul PSD: &#8220;Institu\u0163iile statului trebuie s\u0103 revin\u0103 la func\u0163ionarea lor legal\u0103 \u015fi constitu\u0163ional\u0103&#8221;"},"content":{"rendered":"<div class=\"description\" data-key=\"description\">Mihai Fifor anun\u0163\u0103 c\u0103 va merge la mitingul PSD din Pia\u0163a Victoriei pentru c\u0103 &#8220;Rom\u00e2nia trebuie s\u0103 fie cu adev\u0103rat o \u0163ara democratic\u0103, o \u0163ar\u0103 \u00een care libert\u0103\u0163ile \u015fi drepturile cet\u0103\u0163eanului s\u0103 nu mai fie \u00eenc\u0103lcate \u00een cel mai abuziv mod posibil&#8221;<\/div>\n<div class=\"articleBody\" data-key=\"articleBody\">Ministrul Ap\u0103r\u0103rii, Mihai Fifor anun\u0163\u0103 c\u0103 va merge la mitingul PSD din Pia\u0163a Victoriei pentru c\u0103 &#8220;Rom\u00e2nia trebuie s\u0103 fie cu adev\u0103rat o \u0163ara democratic\u0103, o \u0163ar\u0103 \u00een care libert\u0103\u0163ile \u015fi drepturile cet\u0103\u0163eanului s\u0103 nu mai fie \u00eenc\u0103lcate \u00een cel mai abuziv mod posibil&#8221;, iar &#8220;institu\u0163iile statului trebuie s\u0103 revin\u0103 la func\u0163ionarea lor legal\u0103 \u015fi constitu\u0163ional\u0103, astfel \u00eenc\u00e2t aceast\u0103 \u0163ara s\u0103 poat\u0103 sta oric\u00e2nd demn\u0103 \u00een r\u00e2ndul statelor democratice ale Uniunii Europene din care face parte&#8221;.<\/p>\n<p>&#8220;Merg la protest, al\u0103turi de zeci de mii de oameni, pentru c\u0103 eu cred cu toat\u0103 t\u0103ria c\u0103 Rom\u00e2nia trebuie s\u0103 fie cu adev\u0103rat o \u0163ara democratic\u0103, o \u0163ara \u00een care libert\u0103\u0163ile \u015fi drepturile cet\u0103\u0163eanului s\u0103 nu mai fie \u00eenc\u0103lcate \u00een cel mai abuziv mod posibil. Cred cu t\u0103rie c\u0103 \u00een Rom\u00e2nia trebuie respectate \u015fi aplicate Constitu\u0163ia \u015fi legile \u0163\u0103rii \u015fi nu protocoale secrete \u015fi ilegale \u00eencheiate \u00eentre institu\u0163ii ale statului, de oameni care au aservit aceste institu\u0163ii unor interese str\u0103ine de orice idee de stat de drept. Cred c\u0103 \u00een Rom\u00e2nia votul cet\u0103\u0163eanului este sf\u00e2nt \u015fi cet\u0103\u0163eanul este singurul care poate decide democratic asupra viitorului acestei \u0163\u0103ri&#8221;, scrie pe Facebook Fifor, care este vicepre\u015fedinte PSD.\u00a0<\/p>\n<p>El mai sus\u0163ine c\u0103 crede cu t\u0103rie c\u0103 \u00een Rom\u00e2nia institu\u0163iile statului trebuie s\u0103 revin\u0103 la func\u0163ionarea lor legal\u0103 \u015fi constitu\u0163ional\u0103, astfel \u00eenc\u00e2t &#8220;aceast\u0103 \u0163ara s\u0103 poat\u0103 st\u0103 oric\u00e2nd demn\u0103 \u00een r\u00e2ndul statelor democratice ale Uniunii Europene din care face parte&#8221;.<\/p>\n<p>&#8220;\u00cen fine, merg \u00een sear\u0103 aceast\u0103 la miting pentru c\u0103 \u00eemi doresc c\u0103 pruncii mei s\u0103 creasc\u0103 \u015fi s\u0103 tr\u0103iasc\u0103 aici, \u00een aceast\u0103 \u0163ara, liberi \u015fi \u00eencrez\u0103tori \u00een destinul lor, f\u0103r\u0103 team\u0103 c\u0103 \u00een orice moment li se poate face o nedreptate \u015fi asta f\u0103r\u0103 c\u0103 legea \u015fi institu\u0163iile statului s\u0103 intervin\u0103 a\u015fa cum e firesc \u00een orice stat de drept. Merg la miting pentru c\u0103 eu cred c\u0103 \u00een aceast\u0103 \u0163ara trebuie s\u0103 domneasc\u0103 legea, \u015fi nu frica!&#8221;, adaug\u0103 Mihai Fifor.<\/p>\n<p>Surs\u0103: News.ro\n<\/p><\/div>\n<p> Source URL: https:\/\/observatornews.ro\/politic\/ministrul-mihai-fifor-anunta-ca-merge-la-mitingul-psd-256490.html<\/p>\n","protected":false},"excerpt":{"rendered":"<p>Mihai Fifor anun\u0163\u0103 c\u0103 va merge la mitingul PSD din Pia\u0163a Victoriei pentru c\u0103 &#8220;Rom\u00e2nia trebuie s\u0103 fie cu adev\u0103rat o \u0163ara democratic\u0103, o \u0163ar\u0103 \u00een care libert\u0103\u0163ile \u015fi drepturile cet\u0103\u0163eanului s\u0103 nu mai fie \u00eenc\u0103lcate \u00een cel mai abuziv mod posibil&#8221; Ministrul Ap\u0103r\u0103rii, Mihai Fifor anun\u0163\u0103 c\u0103 va merge la mitingul PSD din Pia\u0163a [&hellip;]<\/p>\n","protected":false},"author":1,"featured_media":335715,"comment_status":"open","ping_status":"","sticky":false,"template":"","format":"standard","meta":{"footnotes":""},"categories":[2],"tags":[30],"class_list":["post-335714","post","type-post","status-publish","format-standard","has-post-thumbnail","hentry","category-politics","tag-observatornews-ro"],"_links":{"self":[{"href":"https:\/\/analyse.optim.biz\/index.php?rest_route=\/wp\/v2\/posts\/335714","targetHints":{"allow":["GET"]}}],"collection":[{"href":"https:\/\/analyse.optim.biz\/index.php?rest_route=\/wp\/v2\/posts"}],"about":[{"href":"https:\/\/analyse.optim.biz\/index.php?rest_route=\/wp\/v2\/types\/post"}],"author":[{"embeddable":true,"href":"https:\/\/analyse.optim.biz\/index.php?rest_route=\/wp\/v2\/users\/1"}],"replies":[{"embeddable":true,"href":"https:\/\/analyse.optim.biz\/index.php?rest_route=%2Fwp%2Fv2%2Fcomments&post=335714"}],"version-history":[{"count":0,"href":"https:\/\/analyse.optim.biz\/index.php?rest_route=\/wp\/v2\/posts\/335714\/revisions"}],"wp:featuredmedia":[{"embeddable":true,"href":"https:\/\/analyse.optim.biz\/index.php?rest_route=\/wp\/v2\/media\/335715"}],"wp:attachment":[{"href":"https:\/\/analyse.optim.biz\/index.php?rest_route=%2Fwp%2Fv2%2Fmedia&parent=335714"}],"wp:term":[{"taxonomy":"category","embeddable":true,"href":"https:\/\/analyse.optim.biz\/index.php?rest_route=%2Fwp%2Fv2%2Fcategories&post=335714"},{"taxonomy":"post_tag","embeddable":true,"href":"https:\/\/analyse.optim.biz\/index.php?rest_route=%2Fwp%2Fv2%2Ftags&post=335714"}],"curies":[{"name":"wp","href":"https:\/\/api.w.org\/{rel}","templated":true}]}}