{"id":333953,"date":"2018-06-25T12:09:00","date_gmt":"2018-06-25T09:09:00","guid":{"rendered":"https:\/\/analyse.optim.biz\/?p=333953"},"modified":"2018-06-25T12:09:00","modified_gmt":"2018-06-25T09:09:00","slug":"victor-ponta-l-am-propus-pe-sorin-cimpeanu-pentru-functia-de-premier","status":"publish","type":"post","link":"https:\/\/analyse.optim.biz\/?p=333953","title":{"rendered":"Victor Ponta: &#8220;L-am propus pe Sorin C\u00eempeanu pentru func\u0163ia de premier&#8221;"},"content":{"rendered":"<div class=\"description\" data-key=\"description\">Victor Ponta a spus luni c\u0103 forma\u0163iunea sa nu sus\u0163ine un Guvern condus de liderul PNL, Ludovic Orban, \u015fi l-a propus pentru func\u0163ia de premier pe fostul ministru al Educa\u0163iei Sorin C\u00eempeanu.<\/div>\n<div class=\"articleBody\" data-key=\"articleBody\">Victor Ponta a spus luni c\u0103 forma\u0163iunea sa nu sus\u0163ine un Guvern condus de liderul PNL, Ludovic Orban, \u015fi l-a propus pentru func\u0163ia de premier pe fostul ministru al Educa\u0163iei Sorin C\u00eempeanu.<\/p>\n<p>\u201cNu vot\u0103m un Guvern Orban. L-am propus pe Sorin C\u00eempeanu (pentru func\u0163ia de premier \u2013 n.r.), despre care n-am auzit de la niciun pesedist dec\u00e2t vorbe de laud\u0103\u201d, a precizat Victor Ponta.<\/p>\n<p>De asemenea, Victor Ponta a sus\u0163inut luni, \u00een cadrul unei conferin\u0163e de pres\u0103, c\u0103 va sus\u0163ine orice efort de \u00eenlocuire a actualului Guvern \u015fi face apel la ini\u0163iatorii mo\u0163iunii de cenzur\u0103 s\u0103 discute cu parlamenarii din alte partide pentru a transmite c\u0103 \u00eenlocuirea Guvernului PSD nu trebuie f\u0103cut\u0103 cu un Guvern PNL.<\/p>\n<p>&#8220;\u00cen aceast\u0103 s\u0103pt\u0103m\u00e2n\u0103 am avut o \u00eent\u00e2lnire a structurilor noastre interimare de conducere \u015fi am decis urm\u0103toarele: \u00een primul r\u00e2nd, ne dorim \u015fi vom sprijini ideea \u00eenlocuirii Guvernului actual cu un Guvern mult mai competent, cu un Guvern capabil s\u0103 conduc\u0103 Rom\u00e2nia \u00een anul Centenarului, s\u0103 reprezinte Rom\u00e2nia anul viitor \u00een timpul Pre\u015fedin\u0163iei Europene, oameni preg\u0103ti\u0163i pentru func\u0163ia pe care o ocup\u0103 \u00een acel Guvern (&#8230;) Vom sprijini orice efort de \u00eenlocuire a actualului Guvern. (&#8230;) De aceea facem un apel c\u0103tre ini\u0163iatorii mo\u0163iunii, PNL \u015fi USR, de a discuta \u015fi azi, \u015fi m\u00e2ine, \u015fi miercuri cu to\u0163i cei dispu\u015fi din PSD, ALDE, cu noi, de la PRO Rom\u00e2nia, cu ceilal\u0163i din celelalte partide, pentru a \u00eencerca s\u0103 spunem foarte clar: nu d\u0103m jos guvernul PSD s\u0103 \u00eel \u00eenlocuim cu un\u00a0guven competent&#8221;, a sus\u0163inut Victor Ponta.<\/p>\n<p>Surs\u0103: News.ro\n<\/p><\/div>\n<p> Source URL: https:\/\/observatornews.ro\/politic\/ponta-propus-pe-sorin-cimpeanu-pentru-functia-de-premier-258407.html<\/p>\n","protected":false},"excerpt":{"rendered":"<p>Victor Ponta a spus luni c\u0103 forma\u0163iunea sa nu sus\u0163ine un Guvern condus de liderul PNL, Ludovic Orban, \u015fi l-a propus pentru func\u0163ia de premier pe fostul ministru al Educa\u0163iei Sorin C\u00eempeanu. Victor Ponta a spus luni c\u0103 forma\u0163iunea sa nu sus\u0163ine un Guvern condus de liderul PNL, Ludovic Orban, \u015fi l-a propus pentru func\u0163ia [&hellip;]<\/p>\n","protected":false},"author":1,"featured_media":333954,"comment_status":"open","ping_status":"","sticky":false,"template":"","format":"standard","meta":{"footnotes":""},"categories":[2],"tags":[30],"class_list":["post-333953","post","type-post","status-publish","format-standard","has-post-thumbnail","hentry","category-politics","tag-observatornews-ro"],"_links":{"self":[{"href":"https:\/\/analyse.optim.biz\/index.php?rest_route=\/wp\/v2\/posts\/333953","targetHints":{"allow":["GET"]}}],"collection":[{"href":"https:\/\/analyse.optim.biz\/index.php?rest_route=\/wp\/v2\/posts"}],"about":[{"href":"https:\/\/analyse.optim.biz\/index.php?rest_route=\/wp\/v2\/types\/post"}],"author":[{"embeddable":true,"href":"https:\/\/analyse.optim.biz\/index.php?rest_route=\/wp\/v2\/users\/1"}],"replies":[{"embeddable":true,"href":"https:\/\/analyse.optim.biz\/index.php?rest_route=%2Fwp%2Fv2%2Fcomments&post=333953"}],"version-history":[{"count":0,"href":"https:\/\/analyse.optim.biz\/index.php?rest_route=\/wp\/v2\/posts\/333953\/revisions"}],"wp:featuredmedia":[{"embeddable":true,"href":"https:\/\/analyse.optim.biz\/index.php?rest_route=\/wp\/v2\/media\/333954"}],"wp:attachment":[{"href":"https:\/\/analyse.optim.biz\/index.php?rest_route=%2Fwp%2Fv2%2Fmedia&parent=333953"}],"wp:term":[{"taxonomy":"category","embeddable":true,"href":"https:\/\/analyse.optim.biz\/index.php?rest_route=%2Fwp%2Fv2%2Fcategories&post=333953"},{"taxonomy":"post_tag","embeddable":true,"href":"https:\/\/analyse.optim.biz\/index.php?rest_route=%2Fwp%2Fv2%2Ftags&post=333953"}],"curies":[{"name":"wp","href":"https:\/\/api.w.org\/{rel}","templated":true}]}}